{"id":20089,"date":"2021-05-15T08:00:00","date_gmt":"2021-05-15T06:00:00","guid":{"rendered":"https:\/\/www.acelvakondcyclingteam.hu\/?p=20089"},"modified":"2024-02-12T16:38:24","modified_gmt":"2024-02-12T15:38:24","slug":"nem-mindennapi-sportelmeny-varosunknak","status":"publish","type":"post","link":"https:\/\/www.acelvakondcyclingteam.hu\/en\/2021\/05\/15\/nem-mindennapi-sportelmeny-varosunknak\/","title":{"rendered":"Nem mindennapi sport\u00e9lm\u00e9ny v\u00e1rosunknak"},"content":{"rendered":"<p><strong>Zirc is r\u00e9szese lehetett haz\u00e1nk legnagyobb ker\u00e9kp\u00e1ros esem\u00e9ny\u00e9nek, a Tour de Hongrie Magyar Ker\u00e9kp\u00e1ros K\u00f6rversenynek. V\u00e1rosunkban egy gyorsas\u00e1gi r\u00e9szhajr\u00e1ra ker\u00fclt sor, mely sok \u00e9rdekl\u0151d\u0151t vonzott, igazi sport\u00e9lm\u00e9nyben volt r\u00e9sz\u00fck a helyieknek<\/strong><\/p>\n\n\n\n<p><a href=\"https:\/\/zirc.hu\/aktualis\/hirek\/nem-mindennapi-sportelmeny-varosunknak\">Tov\u00e1bb a teljes cikkre<\/a><\/p>\n\n\n\n<p>Forr\u00e1s: <a href=\"https:\/\/www.zirc.hu\">Zirc.hu<\/a><\/p>\n\n\n\n<p>Fot\u00f3: <a href=\"https:\/\/www.tdh.hu\">Tour de Hongrie<\/a><\/p>","protected":false},"excerpt":{"rendered":"<p>Zirc is r\u00e9szese lehetett haz\u00e1nk legnagyobb ker\u00e9kp\u00e1ros esem\u00e9ny\u00e9nek, a Tour de Hongrie Magyar Ker\u00e9kp\u00e1ros K\u00f6rversenynek. V\u00e1rosunkban egy gyorsas\u00e1gi r\u00e9szhajr\u00e1ra ker\u00fclt sor, mely sok \u00e9rdekl\u0151d\u0151t vonzott, igazi sport\u00e9lm\u00e9nyben volt r\u00e9sz\u00fck a helyieknek Tov\u00e1bb a teljes cikkre Forr\u00e1s: Zirc.hu Fot\u00f3: Tour de Hongrie<\/p>","protected":false},"author":1,"featured_media":20090,"comment_status":"open","ping_status":"open","sticky":false,"template":"","format":"standard","meta":{"footnotes":""},"categories":[126,124],"tags":[],"class_list":["post-20089","post","type-post","status-publish","format-standard","has-post-thumbnail","hentry","category-beszamolo","category-hirek"],"_links":{"self":[{"href":"https:\/\/www.acelvakondcyclingteam.hu\/en\/wp-json\/wp\/v2\/posts\/20089","targetHints":{"allow":["GET"]}}],"collection":[{"href":"https:\/\/www.acelvakondcyclingteam.hu\/en\/wp-json\/wp\/v2\/posts"}],"about":[{"href":"https:\/\/www.acelvakondcyclingteam.hu\/en\/wp-json\/wp\/v2\/types\/post"}],"author":[{"embeddable":true,"href":"https:\/\/www.acelvakondcyclingteam.hu\/en\/wp-json\/wp\/v2\/users\/1"}],"replies":[{"embeddable":true,"href":"https:\/\/www.acelvakondcyclingteam.hu\/en\/wp-json\/wp\/v2\/comments?post=20089"}],"version-history":[{"count":1,"href":"https:\/\/www.acelvakondcyclingteam.hu\/en\/wp-json\/wp\/v2\/posts\/20089\/revisions"}],"predecessor-version":[{"id":20091,"href":"https:\/\/www.acelvakondcyclingteam.hu\/en\/wp-json\/wp\/v2\/posts\/20089\/revisions\/20091"}],"wp:featuredmedia":[{"embeddable":true,"href":"https:\/\/www.acelvakondcyclingteam.hu\/en\/wp-json\/wp\/v2\/media\/20090"}],"wp:attachment":[{"href":"https:\/\/www.acelvakondcyclingteam.hu\/en\/wp-json\/wp\/v2\/media?parent=20089"}],"wp:term":[{"taxonomy":"category","embeddable":true,"href":"https:\/\/www.acelvakondcyclingteam.hu\/en\/wp-json\/wp\/v2\/categories?post=20089"},{"taxonomy":"post_tag","embeddable":true,"href":"https:\/\/www.acelvakondcyclingteam.hu\/en\/wp-json\/wp\/v2\/tags?post=20089"}],"curies":[{"name":"wp","href":"https:\/\/api.w.org\/{rel}","templated":true}]}}