{"id":20092,"date":"2020-05-27T08:00:00","date_gmt":"2020-05-27T06:00:00","guid":{"rendered":"https:\/\/www.acelvakondcyclingteam.hu\/?p=20092"},"modified":"2024-02-12T16:52:05","modified_gmt":"2024-02-12T15:52:05","slug":"acelos-vasakkal-tekernek-a-cel-fele","status":"publish","type":"post","link":"https:\/\/www.acelvakondcyclingteam.hu\/en\/2020\/05\/27\/acelos-vasakkal-tekernek-a-cel-fele\/","title":{"rendered":"Ac\u00e9los vasakkal tekernek a c\u00e9l fel\u00e9"},"content":{"rendered":"<p><strong>Kiemelked\u0151 ker\u00e9kp\u00e1ros eredm\u00e9nyeket felmutat\u00f3 fiatalok egy \u00fajonnan alakult zirci sz\u00e9khely\u0171 egyes\u00fcletben folytatj\u00e1k a versenyz\u00e9st, \u00e9s egy \u00fajabb, az eg\u00e9szs\u00e9ges \u00e9letm\u00f3dot, a szabadid\u0151 hasznos elt\u00f6lt\u00e9s\u00e9t n\u00e9pszer\u0171s\u00edt\u0151 k\u00f6z\u00f6ss\u00e9ggel gazdagodott v\u00e1rosunk: bemutatkozik az Ac\u00e9l-Vakond Ker\u00e9kp\u00e1ros Sportegyes\u00fclet.\u00a0<\/strong><\/p>\n\n\n\n<p><a href=\"https:\/\/zirc.hu\/aktualis\/hirek\/acelos-vasakkal-tekernek-cel-fele\">Tov\u00e1bb a teljes cikkre<\/a><\/p>\n\n\n\n<p>Forr\u00e1s: Zirc.hu<\/p>\n\n\n\n<p>Fot\u00f3: Kelemen G\u00e1bor<\/p>","protected":false},"excerpt":{"rendered":"<p>Kiemelked\u0151 ker\u00e9kp\u00e1ros eredm\u00e9nyeket felmutat\u00f3 fiatalok egy \u00fajonnan alakult zirci sz\u00e9khely\u0171 egyes\u00fcletben folytatj\u00e1k a versenyz\u00e9st, \u00e9s egy \u00fajabb, az eg\u00e9szs\u00e9ges \u00e9letm\u00f3dot, a szabadid\u0151 hasznos elt\u00f6lt\u00e9s\u00e9t n\u00e9pszer\u0171s\u00edt\u0151 k\u00f6z\u00f6ss\u00e9ggel gazdagodott v\u00e1rosunk: bemutatkozik az Ac\u00e9l-Vakond Ker\u00e9kp\u00e1ros Sportegyes\u00fclet.\u00a0 Tov\u00e1bb a teljes cikkre Forr\u00e1s: Zirc.hu Fot\u00f3: Kelemen G\u00e1bor<\/p>","protected":false},"author":1,"featured_media":20093,"comment_status":"open","ping_status":"open","sticky":false,"template":"","format":"standard","meta":{"footnotes":""},"categories":[124],"tags":[],"class_list":["post-20092","post","type-post","status-publish","format-standard","has-post-thumbnail","hentry","category-hirek"],"_links":{"self":[{"href":"https:\/\/www.acelvakondcyclingteam.hu\/en\/wp-json\/wp\/v2\/posts\/20092","targetHints":{"allow":["GET"]}}],"collection":[{"href":"https:\/\/www.acelvakondcyclingteam.hu\/en\/wp-json\/wp\/v2\/posts"}],"about":[{"href":"https:\/\/www.acelvakondcyclingteam.hu\/en\/wp-json\/wp\/v2\/types\/post"}],"author":[{"embeddable":true,"href":"https:\/\/www.acelvakondcyclingteam.hu\/en\/wp-json\/wp\/v2\/users\/1"}],"replies":[{"embeddable":true,"href":"https:\/\/www.acelvakondcyclingteam.hu\/en\/wp-json\/wp\/v2\/comments?post=20092"}],"version-history":[{"count":1,"href":"https:\/\/www.acelvakondcyclingteam.hu\/en\/wp-json\/wp\/v2\/posts\/20092\/revisions"}],"predecessor-version":[{"id":20094,"href":"https:\/\/www.acelvakondcyclingteam.hu\/en\/wp-json\/wp\/v2\/posts\/20092\/revisions\/20094"}],"wp:featuredmedia":[{"embeddable":true,"href":"https:\/\/www.acelvakondcyclingteam.hu\/en\/wp-json\/wp\/v2\/media\/20093"}],"wp:attachment":[{"href":"https:\/\/www.acelvakondcyclingteam.hu\/en\/wp-json\/wp\/v2\/media?parent=20092"}],"wp:term":[{"taxonomy":"category","embeddable":true,"href":"https:\/\/www.acelvakondcyclingteam.hu\/en\/wp-json\/wp\/v2\/categories?post=20092"},{"taxonomy":"post_tag","embeddable":true,"href":"https:\/\/www.acelvakondcyclingteam.hu\/en\/wp-json\/wp\/v2\/tags?post=20092"}],"curies":[{"name":"wp","href":"https:\/\/api.w.org\/{rel}","templated":true}]}}