{"id":20095,"date":"2021-02-25T08:00:00","date_gmt":"2021-02-25T07:00:00","guid":{"rendered":"https:\/\/www.acelvakondcyclingteam.hu\/?p=20095"},"modified":"2024-02-12T17:04:43","modified_gmt":"2024-02-12T16:04:43","slug":"sportkep-milyen-volt-a-zirci-sportegyesuletek-eve","status":"publish","type":"post","link":"https:\/\/www.acelvakondcyclingteam.hu\/en\/2021\/02\/25\/sportkep-milyen-volt-a-zirci-sportegyesuletek-eve\/","title":{"rendered":"Sportk\u00e9p: Milyen volt a zirci sportegyes\u00fcletek \u00e9ve?"},"content":{"rendered":"<p><strong>A koronav\u00edrus-j\u00e1rv\u00e1ny ellen\u00e9re is eredm\u00e9nyes \u00e9vet z\u00e1rtunk, hiszen 110 rajtb\u00f3l negyvenszer dobog\u00f3s helyen v\u00e9gezt\u00fcnk \u2013 tekint vissza az elm\u00falt esztend\u0151re\u00a0<em>Galaczi Mikl\u00f3s<\/em>, a tavaly alakult Ac\u00e9l-Vakond Ker\u00e9kp\u00e1ros Sportegyes\u00fclet csapatkapit\u00e1nya.<\/strong><\/p>\n\n\n\n<p><a href=\"https:\/\/zirc.hu\/aktualis\/hirek\/sportkorkep-acel-vakond-kerekparos-sportegyesu\">Tov\u00e1bb a teljes cikkre<\/a><\/p>\n\n\n\n<p>Forr\u00e1s: <a href=\"https:\/\/www.zirc.hu\">Zirc.hu<\/a><\/p>\n\n\n\n<p>Fot\u00f3: Kelemen G\u00e1bor<\/p>","protected":false},"excerpt":{"rendered":"<p>A koronav\u00edrus-j\u00e1rv\u00e1ny ellen\u00e9re is eredm\u00e9nyes \u00e9vet z\u00e1rtunk, hiszen 110 rajtb\u00f3l negyvenszer dobog\u00f3s helyen v\u00e9gezt\u00fcnk \u2013 tekint vissza az elm\u00falt esztend\u0151re\u00a0Galaczi Mikl\u00f3s, a tavaly alakult Ac\u00e9l-Vakond Ker\u00e9kp\u00e1ros Sportegyes\u00fclet csapatkapit\u00e1nya. Tov\u00e1bb a teljes cikkre Forr\u00e1s: Zirc.hu Fot\u00f3: Kelemen G\u00e1bor<\/p>","protected":false},"author":1,"featured_media":20093,"comment_status":"open","ping_status":"open","sticky":false,"template":"","format":"standard","meta":{"footnotes":""},"categories":[126],"tags":[],"class_list":["post-20095","post","type-post","status-publish","format-standard","has-post-thumbnail","hentry","category-beszamolo"],"_links":{"self":[{"href":"https:\/\/www.acelvakondcyclingteam.hu\/en\/wp-json\/wp\/v2\/posts\/20095","targetHints":{"allow":["GET"]}}],"collection":[{"href":"https:\/\/www.acelvakondcyclingteam.hu\/en\/wp-json\/wp\/v2\/posts"}],"about":[{"href":"https:\/\/www.acelvakondcyclingteam.hu\/en\/wp-json\/wp\/v2\/types\/post"}],"author":[{"embeddable":true,"href":"https:\/\/www.acelvakondcyclingteam.hu\/en\/wp-json\/wp\/v2\/users\/1"}],"replies":[{"embeddable":true,"href":"https:\/\/www.acelvakondcyclingteam.hu\/en\/wp-json\/wp\/v2\/comments?post=20095"}],"version-history":[{"count":1,"href":"https:\/\/www.acelvakondcyclingteam.hu\/en\/wp-json\/wp\/v2\/posts\/20095\/revisions"}],"predecessor-version":[{"id":20096,"href":"https:\/\/www.acelvakondcyclingteam.hu\/en\/wp-json\/wp\/v2\/posts\/20095\/revisions\/20096"}],"wp:featuredmedia":[{"embeddable":true,"href":"https:\/\/www.acelvakondcyclingteam.hu\/en\/wp-json\/wp\/v2\/media\/20093"}],"wp:attachment":[{"href":"https:\/\/www.acelvakondcyclingteam.hu\/en\/wp-json\/wp\/v2\/media?parent=20095"}],"wp:term":[{"taxonomy":"category","embeddable":true,"href":"https:\/\/www.acelvakondcyclingteam.hu\/en\/wp-json\/wp\/v2\/categories?post=20095"},{"taxonomy":"post_tag","embeddable":true,"href":"https:\/\/www.acelvakondcyclingteam.hu\/en\/wp-json\/wp\/v2\/tags?post=20095"}],"curies":[{"name":"wp","href":"https:\/\/api.w.org\/{rel}","templated":true}]}}