{"id":20101,"date":"2021-06-18T08:00:00","date_gmt":"2021-06-18T06:00:00","guid":{"rendered":"https:\/\/www.acelvakondcyclingteam.hu\/?p=20101"},"modified":"2024-02-12T17:18:56","modified_gmt":"2024-02-12T16:18:56","slug":"fogadtak-a-tour-de-hongrie-t-vendegei-voltak-a-giro-ditalianak","status":"publish","type":"post","link":"https:\/\/www.acelvakondcyclingteam.hu\/en\/2021\/06\/18\/fogadtak-a-tour-de-hongrie-t-vendegei-voltak-a-giro-ditalianak\/","title":{"rendered":"Fogadt\u00e1k a Tour de Hongrie-t, vend\u00e9gei voltak a Giro d&#8217;It\u00e1li\u00e1nak"},"content":{"rendered":"<p><strong>Az Ac\u00e9l-Vakond Ker\u00e9kp\u00e1ros Sportegyes\u00fclet tagjai is r\u00e9szt vettek n\u00e9z\u0151k\u00e9nt a h\u00e1rom h\u00e9tig tart\u00f3, t\u00f6bb mint sz\u00e1z \u00e9ves m\u00faltra visszatekint\u0151 olasz ker\u00e9kp\u00e1ros k\u00f6rversenyen, a Giro d\u2019Itali\u00e1n. Az \u00e9lm\u00e9nybesz\u00e1mol\u00f3 mellett visszatekintett\u00fck a vezet\u0151kkel a verseny \u201emagyar megfelel\u0151j\u00e9re\u201d, hiszen a Tour de Hongrie id\u00e9n \u00e1thaladt Zirc v\u00e1ros\u00e1n is.\u00a0<\/strong><\/p>\n\n\n\n<p><a href=\"https:\/\/zirc.hu\/aktualis\/hirek\/fogadtak-tour-de-hongrie-t-vendegei-voltak-giro-ditalianak\">Tov\u00e1bb a teljes cikkre<\/a><\/p>\n\n\n\n<p>Forr\u00e1s: <a href=\"https:\/\/www.zirc.hu\">Zirc.hu<\/a><\/p>\n\n\n\n<p>Fot\u00f3: Orosz Lili<\/p>","protected":false},"excerpt":{"rendered":"<p>Az Ac\u00e9l-Vakond Ker\u00e9kp\u00e1ros Sportegyes\u00fclet tagjai is r\u00e9szt vettek n\u00e9z\u0151k\u00e9nt a h\u00e1rom h\u00e9tig tart\u00f3, t\u00f6bb mint sz\u00e1z \u00e9ves m\u00faltra visszatekint\u0151 olasz ker\u00e9kp\u00e1ros k\u00f6rversenyen, a Giro d\u2019Itali\u00e1n. Az \u00e9lm\u00e9nybesz\u00e1mol\u00f3 mellett visszatekintett\u00fck a vezet\u0151kkel a verseny \u201emagyar megfelel\u0151j\u00e9re\u201d, hiszen a Tour de Hongrie id\u00e9n \u00e1thaladt Zirc v\u00e1ros\u00e1n is.\u00a0 Tov\u00e1bb a teljes cikkre Forr\u00e1s: Zirc.hu Fot\u00f3: Orosz Lili<\/p>","protected":false},"author":1,"featured_media":20102,"comment_status":"open","ping_status":"open","sticky":false,"template":"","format":"standard","meta":{"footnotes":""},"categories":[126],"tags":[],"class_list":["post-20101","post","type-post","status-publish","format-standard","has-post-thumbnail","hentry","category-beszamolo"],"_links":{"self":[{"href":"https:\/\/www.acelvakondcyclingteam.hu\/en\/wp-json\/wp\/v2\/posts\/20101","targetHints":{"allow":["GET"]}}],"collection":[{"href":"https:\/\/www.acelvakondcyclingteam.hu\/en\/wp-json\/wp\/v2\/posts"}],"about":[{"href":"https:\/\/www.acelvakondcyclingteam.hu\/en\/wp-json\/wp\/v2\/types\/post"}],"author":[{"embeddable":true,"href":"https:\/\/www.acelvakondcyclingteam.hu\/en\/wp-json\/wp\/v2\/users\/1"}],"replies":[{"embeddable":true,"href":"https:\/\/www.acelvakondcyclingteam.hu\/en\/wp-json\/wp\/v2\/comments?post=20101"}],"version-history":[{"count":1,"href":"https:\/\/www.acelvakondcyclingteam.hu\/en\/wp-json\/wp\/v2\/posts\/20101\/revisions"}],"predecessor-version":[{"id":20103,"href":"https:\/\/www.acelvakondcyclingteam.hu\/en\/wp-json\/wp\/v2\/posts\/20101\/revisions\/20103"}],"wp:featuredmedia":[{"embeddable":true,"href":"https:\/\/www.acelvakondcyclingteam.hu\/en\/wp-json\/wp\/v2\/media\/20102"}],"wp:attachment":[{"href":"https:\/\/www.acelvakondcyclingteam.hu\/en\/wp-json\/wp\/v2\/media?parent=20101"}],"wp:term":[{"taxonomy":"category","embeddable":true,"href":"https:\/\/www.acelvakondcyclingteam.hu\/en\/wp-json\/wp\/v2\/categories?post=20101"},{"taxonomy":"post_tag","embeddable":true,"href":"https:\/\/www.acelvakondcyclingteam.hu\/en\/wp-json\/wp\/v2\/tags?post=20101"}],"curies":[{"name":"wp","href":"https:\/\/api.w.org\/{rel}","templated":true}]}}