{"id":20104,"date":"2021-07-15T08:00:00","date_gmt":"2021-07-15T06:00:00","guid":{"rendered":"https:\/\/www.acelvakondcyclingteam.hu\/?p=20104"},"modified":"2024-02-12T17:23:38","modified_gmt":"2024-02-12T16:23:38","slug":"uj-sportletesitmeny-kozossegi-osszefogassal","status":"publish","type":"post","link":"https:\/\/www.acelvakondcyclingteam.hu\/en\/2021\/07\/15\/uj-sportletesitmeny-kozossegi-osszefogassal\/","title":{"rendered":"\u00daj sportl\u00e9tes\u00edtm\u00e9ny, k\u00f6z\u00f6ss\u00e9gi \u00f6sszefog\u00e1ssal"},"content":{"rendered":"<p><strong>Jav\u00e1ban folynak a pumpap\u00e1lya munk\u00e1latai a belter\u00fcleti ker\u00e9kp\u00e1r\u00fat mellett, a szakk\u00e9pz\u0151 iskola tornacsarnoka m\u00f6g\u00f6tt. A ker\u00e9kp\u00e1rosok, kiskerek\u0171 j\u00e1rm\u0171vel k\u00f6zleked\u0151k sz\u00e1m\u00e1ra \u00e9p\u00fcl\u0151 l\u00e9tes\u00edtm\u00e9ny egy sz\u00e9lesk\u00f6r\u0171 t\u00e1rsadalmi \u00f6sszefog\u00e1snak \u00e9s az Ac\u00e9l-Vakond Ker\u00e9kp\u00e1ros Sportegyes\u00fclet p\u00e1ly\u00e1zat\u00e1nak k\u00f6sz\u00f6nhet\u0151en val\u00f3sul meg.<\/strong><\/p>\n\n\n\n<p><a href=\"https:\/\/zirc.hu\/aktualis\/hirek\/uj-sportletesitmeny-kozossegi-osszefogassal\">Tov\u00e1bb a teljes cikkre<\/a><\/p>\n\n\n\n<p>Forr\u00e1s: <a href=\"https:\/\/www.zirc.hu\">Zirc.hu<\/a><\/p>\n\n\n\n<p>Fot\u00f3: Kelemen G\u00e1bor<\/p>","protected":false},"excerpt":{"rendered":"<p>Jav\u00e1ban folynak a pumpap\u00e1lya munk\u00e1latai a belter\u00fcleti ker\u00e9kp\u00e1r\u00fat mellett, a szakk\u00e9pz\u0151 iskola tornacsarnoka m\u00f6g\u00f6tt. A ker\u00e9kp\u00e1rosok, kiskerek\u0171 j\u00e1rm\u0171vel k\u00f6zleked\u0151k sz\u00e1m\u00e1ra \u00e9p\u00fcl\u0151 l\u00e9tes\u00edtm\u00e9ny egy sz\u00e9lesk\u00f6r\u0171 t\u00e1rsadalmi \u00f6sszefog\u00e1snak \u00e9s az Ac\u00e9l-Vakond Ker\u00e9kp\u00e1ros Sportegyes\u00fclet p\u00e1ly\u00e1zat\u00e1nak k\u00f6sz\u00f6nhet\u0151en val\u00f3sul meg. Tov\u00e1bb a teljes cikkre Forr\u00e1s: Zirc.hu Fot\u00f3: Kelemen G\u00e1bor<\/p>","protected":false},"author":1,"featured_media":20105,"comment_status":"open","ping_status":"open","sticky":false,"template":"","format":"standard","meta":{"footnotes":""},"categories":[126],"tags":[],"class_list":["post-20104","post","type-post","status-publish","format-standard","has-post-thumbnail","hentry","category-beszamolo"],"_links":{"self":[{"href":"https:\/\/www.acelvakondcyclingteam.hu\/en\/wp-json\/wp\/v2\/posts\/20104","targetHints":{"allow":["GET"]}}],"collection":[{"href":"https:\/\/www.acelvakondcyclingteam.hu\/en\/wp-json\/wp\/v2\/posts"}],"about":[{"href":"https:\/\/www.acelvakondcyclingteam.hu\/en\/wp-json\/wp\/v2\/types\/post"}],"author":[{"embeddable":true,"href":"https:\/\/www.acelvakondcyclingteam.hu\/en\/wp-json\/wp\/v2\/users\/1"}],"replies":[{"embeddable":true,"href":"https:\/\/www.acelvakondcyclingteam.hu\/en\/wp-json\/wp\/v2\/comments?post=20104"}],"version-history":[{"count":1,"href":"https:\/\/www.acelvakondcyclingteam.hu\/en\/wp-json\/wp\/v2\/posts\/20104\/revisions"}],"predecessor-version":[{"id":20106,"href":"https:\/\/www.acelvakondcyclingteam.hu\/en\/wp-json\/wp\/v2\/posts\/20104\/revisions\/20106"}],"wp:featuredmedia":[{"embeddable":true,"href":"https:\/\/www.acelvakondcyclingteam.hu\/en\/wp-json\/wp\/v2\/media\/20105"}],"wp:attachment":[{"href":"https:\/\/www.acelvakondcyclingteam.hu\/en\/wp-json\/wp\/v2\/media?parent=20104"}],"wp:term":[{"taxonomy":"category","embeddable":true,"href":"https:\/\/www.acelvakondcyclingteam.hu\/en\/wp-json\/wp\/v2\/categories?post=20104"},{"taxonomy":"post_tag","embeddable":true,"href":"https:\/\/www.acelvakondcyclingteam.hu\/en\/wp-json\/wp\/v2\/tags?post=20104"}],"curies":[{"name":"wp","href":"https:\/\/api.w.org\/{rel}","templated":true}]}}