{"id":20107,"date":"2021-07-16T08:00:00","date_gmt":"2021-07-16T06:00:00","guid":{"rendered":"https:\/\/www.acelvakondcyclingteam.hu\/?p=20107"},"modified":"2024-02-12T17:50:04","modified_gmt":"2024-02-12T16:50:04","slug":"bajnoki-cim-es-dobogos-helyezesek-az-orszagos-bajnoksagon","status":"publish","type":"post","link":"https:\/\/www.acelvakondcyclingteam.hu\/en\/2021\/07\/16\/bajnoki-cim-es-dobogos-helyezesek-az-orszagos-bajnoksagon\/","title":{"rendered":"Bajnoki c\u00edm \u00e9s dobog\u00f3s helyez\u00e9sek az orsz\u00e1gos bajnoks\u00e1gon"},"content":{"rendered":"<p><strong>Kiemelked\u0151en szerepeltek az Ac\u00e9l-Vakond Ker\u00e9kp\u00e1ros Sportegyes\u00fclet versenyz\u0151i a k\u00f6zelm\u00faltban lezajlott Orsz\u00e1g\u00fati Orsz\u00e1gos Bajnoks\u00e1g futamain.<\/strong><\/p>\n\n\n\n<p><a href=\"https:\/\/zirc.hu\/aktualis\/hirek\/bajnoki-cim-es-dobogos-helyezesek-az-orszagos-bajnoksagon\">Tov\u00e1bb a teljes cikkre<\/a><\/p>\n\n\n\n<p>Forr\u00e1s: <a href=\"https:\/\/www.zirc.hu\">Zirc.hu<\/a><\/p>","protected":false},"excerpt":{"rendered":"<p>Kiemelked\u0151en szerepeltek az Ac\u00e9l-Vakond Ker\u00e9kp\u00e1ros Sportegyes\u00fclet versenyz\u0151i a k\u00f6zelm\u00faltban lezajlott Orsz\u00e1g\u00fati Orsz\u00e1gos Bajnoks\u00e1g futamain. Tov\u00e1bb a teljes cikkre Forr\u00e1s: Zirc.hu<\/p>","protected":false},"author":1,"featured_media":20108,"comment_status":"open","ping_status":"open","sticky":false,"template":"","format":"standard","meta":{"footnotes":""},"categories":[126],"tags":[],"class_list":["post-20107","post","type-post","status-publish","format-standard","has-post-thumbnail","hentry","category-beszamolo"],"_links":{"self":[{"href":"https:\/\/www.acelvakondcyclingteam.hu\/en\/wp-json\/wp\/v2\/posts\/20107","targetHints":{"allow":["GET"]}}],"collection":[{"href":"https:\/\/www.acelvakondcyclingteam.hu\/en\/wp-json\/wp\/v2\/posts"}],"about":[{"href":"https:\/\/www.acelvakondcyclingteam.hu\/en\/wp-json\/wp\/v2\/types\/post"}],"author":[{"embeddable":true,"href":"https:\/\/www.acelvakondcyclingteam.hu\/en\/wp-json\/wp\/v2\/users\/1"}],"replies":[{"embeddable":true,"href":"https:\/\/www.acelvakondcyclingteam.hu\/en\/wp-json\/wp\/v2\/comments?post=20107"}],"version-history":[{"count":1,"href":"https:\/\/www.acelvakondcyclingteam.hu\/en\/wp-json\/wp\/v2\/posts\/20107\/revisions"}],"predecessor-version":[{"id":20109,"href":"https:\/\/www.acelvakondcyclingteam.hu\/en\/wp-json\/wp\/v2\/posts\/20107\/revisions\/20109"}],"wp:featuredmedia":[{"embeddable":true,"href":"https:\/\/www.acelvakondcyclingteam.hu\/en\/wp-json\/wp\/v2\/media\/20108"}],"wp:attachment":[{"href":"https:\/\/www.acelvakondcyclingteam.hu\/en\/wp-json\/wp\/v2\/media?parent=20107"}],"wp:term":[{"taxonomy":"category","embeddable":true,"href":"https:\/\/www.acelvakondcyclingteam.hu\/en\/wp-json\/wp\/v2\/categories?post=20107"},{"taxonomy":"post_tag","embeddable":true,"href":"https:\/\/www.acelvakondcyclingteam.hu\/en\/wp-json\/wp\/v2\/tags?post=20107"}],"curies":[{"name":"wp","href":"https:\/\/api.w.org\/{rel}","templated":true}]}}