{"id":20114,"date":"2022-03-17T08:00:00","date_gmt":"2022-03-17T07:00:00","guid":{"rendered":"https:\/\/www.acelvakondcyclingteam.hu\/?p=20114"},"modified":"2024-02-13T07:31:30","modified_gmt":"2024-02-13T06:31:30","slug":"peldaerteku-osszefogas-eredmenye-a-zirci-pumpapalya","status":"publish","type":"post","link":"https:\/\/www.acelvakondcyclingteam.hu\/en\/2022\/03\/17\/peldaerteku-osszefogas-eredmenye-a-zirci-pumpapalya\/","title":{"rendered":"P\u00e9lda\u00e9rt\u00e9k\u0171 \u00f6sszefog\u00e1s eredm\u00e9nye a zirci pumpap\u00e1lya"},"content":{"rendered":"<p><strong>Nagy n\u00e9pszer\u0171s\u00e9gnek \u00f6rvend a zirci pumpap\u00e1lya, mely \u00fcnnep\u00e9lyes keretek k\u00f6z\u00f6tt, hivatalosan is \u00e1tad\u00e1sra ker\u00fclt. Az \u00faj l\u00e9tes\u00edtm\u00e9ny egy sokszerepl\u0151s, p\u00e9lda\u00e9rt\u00e9k\u0171 k\u00f6z\u00f6ss\u00e9gi \u00f6sszefog\u00e1s eredm\u00e9nye.<\/strong><\/p>\n\n\n\n<p><a href=\"https:\/\/zirc.hu\/aktualis\/hirek\/peldaerteku-osszefogas-eredmenye-zirci-pumpapalya\">Tov\u00e1bb a teljes cikkre<\/a><\/p>\n\n\n\n<p>Forr\u00e1s: <a href=\"https:\/\/www.zirc.hu\">Zirc.hu<\/a><\/p>\n\n\n\n<p>Fot\u00f3: Kelemen G\u00e1bor<\/p>","protected":false},"excerpt":{"rendered":"<p>Nagy n\u00e9pszer\u0171s\u00e9gnek \u00f6rvend a zirci pumpap\u00e1lya, mely \u00fcnnep\u00e9lyes keretek k\u00f6z\u00f6tt, hivatalosan is \u00e1tad\u00e1sra ker\u00fclt. Az \u00faj l\u00e9tes\u00edtm\u00e9ny egy sokszerepl\u0151s, p\u00e9lda\u00e9rt\u00e9k\u0171 k\u00f6z\u00f6ss\u00e9gi \u00f6sszefog\u00e1s eredm\u00e9nye. Tov\u00e1bb a teljes cikkre Forr\u00e1s: Zirc.hu Fot\u00f3: Kelemen G\u00e1bor<\/p>","protected":false},"author":1,"featured_media":20117,"comment_status":"open","ping_status":"open","sticky":false,"template":"","format":"standard","meta":{"footnotes":""},"categories":[126],"tags":[],"class_list":["post-20114","post","type-post","status-publish","format-standard","has-post-thumbnail","hentry","category-beszamolo"],"_links":{"self":[{"href":"https:\/\/www.acelvakondcyclingteam.hu\/en\/wp-json\/wp\/v2\/posts\/20114","targetHints":{"allow":["GET"]}}],"collection":[{"href":"https:\/\/www.acelvakondcyclingteam.hu\/en\/wp-json\/wp\/v2\/posts"}],"about":[{"href":"https:\/\/www.acelvakondcyclingteam.hu\/en\/wp-json\/wp\/v2\/types\/post"}],"author":[{"embeddable":true,"href":"https:\/\/www.acelvakondcyclingteam.hu\/en\/wp-json\/wp\/v2\/users\/1"}],"replies":[{"embeddable":true,"href":"https:\/\/www.acelvakondcyclingteam.hu\/en\/wp-json\/wp\/v2\/comments?post=20114"}],"version-history":[{"count":3,"href":"https:\/\/www.acelvakondcyclingteam.hu\/en\/wp-json\/wp\/v2\/posts\/20114\/revisions"}],"predecessor-version":[{"id":20118,"href":"https:\/\/www.acelvakondcyclingteam.hu\/en\/wp-json\/wp\/v2\/posts\/20114\/revisions\/20118"}],"wp:featuredmedia":[{"embeddable":true,"href":"https:\/\/www.acelvakondcyclingteam.hu\/en\/wp-json\/wp\/v2\/media\/20117"}],"wp:attachment":[{"href":"https:\/\/www.acelvakondcyclingteam.hu\/en\/wp-json\/wp\/v2\/media?parent=20114"}],"wp:term":[{"taxonomy":"category","embeddable":true,"href":"https:\/\/www.acelvakondcyclingteam.hu\/en\/wp-json\/wp\/v2\/categories?post=20114"},{"taxonomy":"post_tag","embeddable":true,"href":"https:\/\/www.acelvakondcyclingteam.hu\/en\/wp-json\/wp\/v2\/tags?post=20114"}],"curies":[{"name":"wp","href":"https:\/\/api.w.org\/{rel}","templated":true}]}}