{"id":20120,"date":"2022-04-29T08:00:00","date_gmt":"2022-04-29T06:00:00","guid":{"rendered":"https:\/\/www.acelvakondcyclingteam.hu\/?p=20120"},"modified":"2024-02-13T09:35:52","modified_gmt":"2024-02-13T08:35:52","slug":"ujevi-sporthirado-acel-vakond-kerekparos-sportegyesulet","status":"publish","type":"post","link":"https:\/\/www.acelvakondcyclingteam.hu\/en\/2022\/04\/29\/ujevi-sporthirado-acel-vakond-kerekparos-sportegyesulet\/","title":{"rendered":"\u00daj\u00e9vi sporth\u00edrad\u00f3: Ac\u00e9l-Vakond Ker\u00e9kp\u00e1ros Sportegyes\u00fclet"},"content":{"rendered":"<p><strong>K\u00e9t \u00e9vvel ezel\u0151tt alakult meg az Ac\u00e9l-Vakond Ker\u00e9kp\u00e1ros Sportegyes\u00fclet, de amennyire fiatalok, annyira akt\u00edvak: a kiemelked\u0151 eredm\u00e9nyeik mellett helyi sportesem\u00e9nyeken m\u0171k\u00f6dnek k\u00f6zre, k\u00fclf\u00f6ldi utakat szerveznek, \u00e9s hathat\u00f3s k\u00f6zrem\u0171k\u00f6d\u00e9s\u00fcknek k\u00f6sz\u00f6nhet\u0151, hogy az elm\u00falt \u00e9vben egy \u00faj sportl\u00e9tes\u00edtm\u00e9nnyel gazdagodott v\u00e1rosunk.<\/strong><\/p>\n\n\n\n<p><a href=\"https:\/\/zirc.hu\/aktualis\/hirek\/ujevi-sporthirado-acel-vakond-kerekparos-sportegyesulet\">Tov\u00e1bb a teljes cikkre<\/a><\/p>\n\n\n\n<p>Forr\u00e1s: <a href=\"https:\/\/www.zirc.hu\">Zirc.hu<\/a><\/p>","protected":false},"excerpt":{"rendered":"<p>K\u00e9t \u00e9vvel ezel\u0151tt alakult meg az Ac\u00e9l-Vakond Ker\u00e9kp\u00e1ros Sportegyes\u00fclet, de amennyire fiatalok, annyira akt\u00edvak: a kiemelked\u0151 eredm\u00e9nyeik mellett helyi sportesem\u00e9nyeken m\u0171k\u00f6dnek k\u00f6zre, k\u00fclf\u00f6ldi utakat szerveznek, \u00e9s hathat\u00f3s k\u00f6zrem\u0171k\u00f6d\u00e9s\u00fcknek k\u00f6sz\u00f6nhet\u0151, hogy az elm\u00falt \u00e9vben egy \u00faj sportl\u00e9tes\u00edtm\u00e9nnyel gazdagodott v\u00e1rosunk. Tov\u00e1bb a teljes cikkre Forr\u00e1s: Zirc.hu<\/p>","protected":false},"author":1,"featured_media":20122,"comment_status":"open","ping_status":"open","sticky":false,"template":"","format":"standard","meta":{"footnotes":""},"categories":[126],"tags":[],"class_list":["post-20120","post","type-post","status-publish","format-standard","has-post-thumbnail","hentry","category-beszamolo"],"_links":{"self":[{"href":"https:\/\/www.acelvakondcyclingteam.hu\/en\/wp-json\/wp\/v2\/posts\/20120","targetHints":{"allow":["GET"]}}],"collection":[{"href":"https:\/\/www.acelvakondcyclingteam.hu\/en\/wp-json\/wp\/v2\/posts"}],"about":[{"href":"https:\/\/www.acelvakondcyclingteam.hu\/en\/wp-json\/wp\/v2\/types\/post"}],"author":[{"embeddable":true,"href":"https:\/\/www.acelvakondcyclingteam.hu\/en\/wp-json\/wp\/v2\/users\/1"}],"replies":[{"embeddable":true,"href":"https:\/\/www.acelvakondcyclingteam.hu\/en\/wp-json\/wp\/v2\/comments?post=20120"}],"version-history":[{"count":2,"href":"https:\/\/www.acelvakondcyclingteam.hu\/en\/wp-json\/wp\/v2\/posts\/20120\/revisions"}],"predecessor-version":[{"id":20123,"href":"https:\/\/www.acelvakondcyclingteam.hu\/en\/wp-json\/wp\/v2\/posts\/20120\/revisions\/20123"}],"wp:featuredmedia":[{"embeddable":true,"href":"https:\/\/www.acelvakondcyclingteam.hu\/en\/wp-json\/wp\/v2\/media\/20122"}],"wp:attachment":[{"href":"https:\/\/www.acelvakondcyclingteam.hu\/en\/wp-json\/wp\/v2\/media?parent=20120"}],"wp:term":[{"taxonomy":"category","embeddable":true,"href":"https:\/\/www.acelvakondcyclingteam.hu\/en\/wp-json\/wp\/v2\/categories?post=20120"},{"taxonomy":"post_tag","embeddable":true,"href":"https:\/\/www.acelvakondcyclingteam.hu\/en\/wp-json\/wp\/v2\/tags?post=20120"}],"curies":[{"name":"wp","href":"https:\/\/api.w.org\/{rel}","templated":true}]}}