{"id":20125,"date":"2022-05-09T08:00:00","date_gmt":"2022-05-09T06:00:00","guid":{"rendered":"https:\/\/www.acelvakondcyclingteam.hu\/?p=20125"},"modified":"2024-02-13T09:55:15","modified_gmt":"2024-02-13T08:55:15","slug":"dijak-a-sportoloknak-koszonet-az-egyesuleteknek","status":"publish","type":"post","link":"https:\/\/www.acelvakondcyclingteam.hu\/en\/2022\/05\/09\/dijak-a-sportoloknak-koszonet-az-egyesuleteknek\/","title":{"rendered":"D\u00edjak a sportol\u00f3knak, k\u00f6sz\u00f6net az egyes\u00fcleteknek"},"content":{"rendered":"<p><strong>\u00dcnnep\u00e9lyes keretek k\u00f6z\u00f6tt ker\u00fclt sor a \u201eZirc V\u00e1ros Sportj\u00e1\u00e9rt\u201d \u00f6nkorm\u00e1nyzati kit\u00fcntet\u00e9sek \u00e1tad\u00e1s\u00e1ra a V\u00e1rosh\u00e1z\u00e1n.<\/strong><\/p>\n\n\n\n<p><a href=\"https:\/\/zirc.hu\/aktualis\/hirek\/dijak-sportoloknak-koszonet-az-egyesuleteknek\">Tov\u00e1bb a teljes cikkre<\/a><\/p>\n\n\n\n<p>Forr\u00e1s: <a href=\"https:\/\/www.zirc.hu\">Zirc.hu<\/a><\/p>\n\n\n\n<p>Fot\u00f3k: Boross L\u00e1szl\u00f3<\/p>","protected":false},"excerpt":{"rendered":"<p>\u00dcnnep\u00e9lyes keretek k\u00f6z\u00f6tt ker\u00fclt sor a \u201eZirc V\u00e1ros Sportj\u00e1\u00e9rt\u201d \u00f6nkorm\u00e1nyzati kit\u00fcntet\u00e9sek \u00e1tad\u00e1s\u00e1ra a V\u00e1rosh\u00e1z\u00e1n. Tov\u00e1bb a teljes cikkre Forr\u00e1s: Zirc.hu Fot\u00f3k: Boross L\u00e1szl\u00f3<\/p>","protected":false},"author":1,"featured_media":20126,"comment_status":"open","ping_status":"open","sticky":false,"template":"","format":"standard","meta":{"footnotes":""},"categories":[126],"tags":[],"class_list":["post-20125","post","type-post","status-publish","format-standard","has-post-thumbnail","hentry","category-beszamolo"],"_links":{"self":[{"href":"https:\/\/www.acelvakondcyclingteam.hu\/en\/wp-json\/wp\/v2\/posts\/20125","targetHints":{"allow":["GET"]}}],"collection":[{"href":"https:\/\/www.acelvakondcyclingteam.hu\/en\/wp-json\/wp\/v2\/posts"}],"about":[{"href":"https:\/\/www.acelvakondcyclingteam.hu\/en\/wp-json\/wp\/v2\/types\/post"}],"author":[{"embeddable":true,"href":"https:\/\/www.acelvakondcyclingteam.hu\/en\/wp-json\/wp\/v2\/users\/1"}],"replies":[{"embeddable":true,"href":"https:\/\/www.acelvakondcyclingteam.hu\/en\/wp-json\/wp\/v2\/comments?post=20125"}],"version-history":[{"count":1,"href":"https:\/\/www.acelvakondcyclingteam.hu\/en\/wp-json\/wp\/v2\/posts\/20125\/revisions"}],"predecessor-version":[{"id":20127,"href":"https:\/\/www.acelvakondcyclingteam.hu\/en\/wp-json\/wp\/v2\/posts\/20125\/revisions\/20127"}],"wp:featuredmedia":[{"embeddable":true,"href":"https:\/\/www.acelvakondcyclingteam.hu\/en\/wp-json\/wp\/v2\/media\/20126"}],"wp:attachment":[{"href":"https:\/\/www.acelvakondcyclingteam.hu\/en\/wp-json\/wp\/v2\/media?parent=20125"}],"wp:term":[{"taxonomy":"category","embeddable":true,"href":"https:\/\/www.acelvakondcyclingteam.hu\/en\/wp-json\/wp\/v2\/categories?post=20125"},{"taxonomy":"post_tag","embeddable":true,"href":"https:\/\/www.acelvakondcyclingteam.hu\/en\/wp-json\/wp\/v2\/tags?post=20125"}],"curies":[{"name":"wp","href":"https:\/\/api.w.org\/{rel}","templated":true}]}}