{"id":20128,"date":"2022-05-09T08:00:00","date_gmt":"2022-05-09T06:00:00","guid":{"rendered":"https:\/\/www.acelvakondcyclingteam.hu\/?p=20128"},"modified":"2024-02-13T09:55:06","modified_gmt":"2024-02-13T08:55:06","slug":"a-zirc-varos-sportjaert-kituntetesben-reszesulok-bemutatasa","status":"publish","type":"post","link":"https:\/\/www.acelvakondcyclingteam.hu\/en\/2022\/05\/09\/a-zirc-varos-sportjaert-kituntetesben-reszesulok-bemutatasa\/","title":{"rendered":"A &#8222;Zirc V\u00e1ros Sportj\u00e1\u00e9rt&#8221; kit\u00fcntet\u00e9sben r\u00e9szes\u00fcl\u0151k bemutat\u00e1sa"},"content":{"rendered":"<p><strong>\u201eZirc v\u00e1ros feln\u0151tt sportol\u00f3ja\u201d \u2013 Matuz Etelka, Ac\u00e9l-Vakond Ker\u00e9kp\u00e1ros Sportegyes\u00fclet<\/strong><\/p>\n\n\n\n<p><a href=\"https:\/\/zirc.hu\/aktualis\/hirek\/zirc-varos-sportjaert-kituntetesben-reszesulok-bemutatasa\">Tov\u00e1bb a teljes cikkre<\/a><\/p>\n\n\n\n<p>Forr\u00e1s: <a href=\"https:\/\/www.zirc.hu\">Zirc.hu<\/a><\/p>\n\n\n\n<p>Fot\u00f3k: Boross L\u00e1szl\u00f3<\/p>","protected":false},"excerpt":{"rendered":"<p>\u201eZirc v\u00e1ros feln\u0151tt sportol\u00f3ja\u201d \u2013 Matuz Etelka, Ac\u00e9l-Vakond Ker\u00e9kp\u00e1ros Sportegyes\u00fclet Tov\u00e1bb a teljes cikkre Forr\u00e1s: Zirc.hu Fot\u00f3k: Boross L\u00e1szl\u00f3<\/p>","protected":false},"author":1,"featured_media":20130,"comment_status":"open","ping_status":"open","sticky":false,"template":"","format":"standard","meta":{"footnotes":""},"categories":[126],"tags":[],"class_list":["post-20128","post","type-post","status-publish","format-standard","has-post-thumbnail","hentry","category-beszamolo"],"_links":{"self":[{"href":"https:\/\/www.acelvakondcyclingteam.hu\/en\/wp-json\/wp\/v2\/posts\/20128","targetHints":{"allow":["GET"]}}],"collection":[{"href":"https:\/\/www.acelvakondcyclingteam.hu\/en\/wp-json\/wp\/v2\/posts"}],"about":[{"href":"https:\/\/www.acelvakondcyclingteam.hu\/en\/wp-json\/wp\/v2\/types\/post"}],"author":[{"embeddable":true,"href":"https:\/\/www.acelvakondcyclingteam.hu\/en\/wp-json\/wp\/v2\/users\/1"}],"replies":[{"embeddable":true,"href":"https:\/\/www.acelvakondcyclingteam.hu\/en\/wp-json\/wp\/v2\/comments?post=20128"}],"version-history":[{"count":3,"href":"https:\/\/www.acelvakondcyclingteam.hu\/en\/wp-json\/wp\/v2\/posts\/20128\/revisions"}],"predecessor-version":[{"id":20132,"href":"https:\/\/www.acelvakondcyclingteam.hu\/en\/wp-json\/wp\/v2\/posts\/20128\/revisions\/20132"}],"wp:featuredmedia":[{"embeddable":true,"href":"https:\/\/www.acelvakondcyclingteam.hu\/en\/wp-json\/wp\/v2\/media\/20130"}],"wp:attachment":[{"href":"https:\/\/www.acelvakondcyclingteam.hu\/en\/wp-json\/wp\/v2\/media?parent=20128"}],"wp:term":[{"taxonomy":"category","embeddable":true,"href":"https:\/\/www.acelvakondcyclingteam.hu\/en\/wp-json\/wp\/v2\/categories?post=20128"},{"taxonomy":"post_tag","embeddable":true,"href":"https:\/\/www.acelvakondcyclingteam.hu\/en\/wp-json\/wp\/v2\/tags?post=20128"}],"curies":[{"name":"wp","href":"https:\/\/api.w.org\/{rel}","templated":true}]}}