{"id":20135,"date":"2023-08-02T08:00:00","date_gmt":"2023-08-02T06:00:00","guid":{"rendered":"https:\/\/www.acelvakondcyclingteam.hu\/?p=20135"},"modified":"2024-02-13T10:22:03","modified_gmt":"2024-02-13T09:22:03","slug":"husz-ermet-termett-idaig-az-esztendo-a-zirci-bringasoknak","status":"publish","type":"post","link":"https:\/\/www.acelvakondcyclingteam.hu\/en\/2023\/08\/02\/husz-ermet-termett-idaig-az-esztendo-a-zirci-bringasoknak\/","title":{"rendered":"H\u00fasz \u00e9rmet termett id\u00e1ig az esztend\u0151 a zirci bring\u00e1soknak"},"content":{"rendered":"<p><strong>M\u00e9g csak az \u00e9v els\u0151 fele pergett le, de m\u00e1ris tizen\u00f6t versenyt tudhat maga m\u00f6g\u00f6tt az Ac\u00e9l-Vakond Ker\u00e9kp\u00e1ros Egyes\u00fclet. \u00d6t arany- \u00e9s ugyanennyi bronz\u00e9remmel gazdagodtak, emellett t\u00edzszer a dobog\u00f3 m\u00e1sodik fok\u00e1ra \u00e1llhattak fel, mik\u00f6zben \u00fajabb versenyz\u0151kkel b\u0151v\u00fclt a vakondok csapata.<\/strong><\/p>\n\n\n\n<p><a href=\"https:\/\/zirc.hu\/hirek\/husz-ermet-termett-idaig-az-esztendo-zirci-bringasoknak\u0171\">Tov\u00e1bb a teljes cikkre<\/a><\/p>\n\n\n\n<p>Forr\u00e1s: <a href=\"https:\/\/www.zirc.hu\">Zirc.hu<\/a><\/p>","protected":false},"excerpt":{"rendered":"<p>M\u00e9g csak az \u00e9v els\u0151 fele pergett le, de m\u00e1ris tizen\u00f6t versenyt tudhat maga m\u00f6g\u00f6tt az Ac\u00e9l-Vakond Ker\u00e9kp\u00e1ros Egyes\u00fclet. \u00d6t arany- \u00e9s ugyanennyi bronz\u00e9remmel gazdagodtak, emellett t\u00edzszer a dobog\u00f3 m\u00e1sodik fok\u00e1ra \u00e1llhattak fel, mik\u00f6zben \u00fajabb versenyz\u0151kkel b\u0151v\u00fclt a vakondok csapata. Tov\u00e1bb a teljes cikkre Forr\u00e1s: Zirc.hu<\/p>","protected":false},"author":1,"featured_media":20138,"comment_status":"open","ping_status":"open","sticky":false,"template":"","format":"standard","meta":{"footnotes":""},"categories":[126],"tags":[],"class_list":["post-20135","post","type-post","status-publish","format-standard","has-post-thumbnail","hentry","category-beszamolo"],"_links":{"self":[{"href":"https:\/\/www.acelvakondcyclingteam.hu\/en\/wp-json\/wp\/v2\/posts\/20135","targetHints":{"allow":["GET"]}}],"collection":[{"href":"https:\/\/www.acelvakondcyclingteam.hu\/en\/wp-json\/wp\/v2\/posts"}],"about":[{"href":"https:\/\/www.acelvakondcyclingteam.hu\/en\/wp-json\/wp\/v2\/types\/post"}],"author":[{"embeddable":true,"href":"https:\/\/www.acelvakondcyclingteam.hu\/en\/wp-json\/wp\/v2\/users\/1"}],"replies":[{"embeddable":true,"href":"https:\/\/www.acelvakondcyclingteam.hu\/en\/wp-json\/wp\/v2\/comments?post=20135"}],"version-history":[{"count":2,"href":"https:\/\/www.acelvakondcyclingteam.hu\/en\/wp-json\/wp\/v2\/posts\/20135\/revisions"}],"predecessor-version":[{"id":20137,"href":"https:\/\/www.acelvakondcyclingteam.hu\/en\/wp-json\/wp\/v2\/posts\/20135\/revisions\/20137"}],"wp:featuredmedia":[{"embeddable":true,"href":"https:\/\/www.acelvakondcyclingteam.hu\/en\/wp-json\/wp\/v2\/media\/20138"}],"wp:attachment":[{"href":"https:\/\/www.acelvakondcyclingteam.hu\/en\/wp-json\/wp\/v2\/media?parent=20135"}],"wp:term":[{"taxonomy":"category","embeddable":true,"href":"https:\/\/www.acelvakondcyclingteam.hu\/en\/wp-json\/wp\/v2\/categories?post=20135"},{"taxonomy":"post_tag","embeddable":true,"href":"https:\/\/www.acelvakondcyclingteam.hu\/en\/wp-json\/wp\/v2\/tags?post=20135"}],"curies":[{"name":"wp","href":"https:\/\/api.w.org\/{rel}","templated":true}]}}