{"id":20146,"date":"2022-12-27T08:00:00","date_gmt":"2022-12-27T07:00:00","guid":{"rendered":"https:\/\/www.acelvakondcyclingteam.hu\/?p=20146"},"modified":"2024-02-15T15:39:37","modified_gmt":"2024-02-15T14:39:37","slug":"vilagbajnoksagon-vettek-reszt-a-zirci-kerekparos-vakondokok","status":"publish","type":"post","link":"https:\/\/www.acelvakondcyclingteam.hu\/en\/2022\/12\/27\/vilagbajnoksagon-vettek-reszt-a-zirci-kerekparos-vakondokok\/","title":{"rendered":"Vil\u00e1gbajnoks\u00e1gon vettek r\u00e9szt a zirci ker\u00e9kp\u00e1ros \u201evakondokok\u201d"},"content":{"rendered":"<p>A zirci Ac\u00e9l-Vakond Ker\u00e9kp\u00e1ros Sportegyes\u00fclet tagjai az idei \u00e9vben is k\u00e9pviselt\u00e9k haz\u00e1nkat a Gran Fondo vil\u00e1gbajnoks\u00e1gon, melyet ez\u00fattal Olaszorsz\u00e1gban rendeztek meg.<\/p>\n\n\n\n<p>Tov\u00e1bb a teljes cikkre<\/p>\n\n\n\n<p>Forr\u00e1s: veol.hu<\/p>\n\n\n\n<p><\/p>","protected":false},"excerpt":{"rendered":"<p>A zirci Ac\u00e9l-Vakond Ker\u00e9kp\u00e1ros Sportegyes\u00fclet tagjai az idei \u00e9vben is k\u00e9pviselt\u00e9k haz\u00e1nkat a Gran Fondo vil\u00e1gbajnoks\u00e1gon, melyet ez\u00fattal Olaszorsz\u00e1gban rendeztek meg. Tov\u00e1bb a teljes cikkre Forr\u00e1s: veol.hu<\/p>","protected":false},"author":1,"featured_media":20147,"comment_status":"open","ping_status":"open","sticky":false,"template":"","format":"standard","meta":{"footnotes":""},"categories":[126],"tags":[],"class_list":["post-20146","post","type-post","status-publish","format-standard","has-post-thumbnail","hentry","category-beszamolo"],"_links":{"self":[{"href":"https:\/\/www.acelvakondcyclingteam.hu\/en\/wp-json\/wp\/v2\/posts\/20146","targetHints":{"allow":["GET"]}}],"collection":[{"href":"https:\/\/www.acelvakondcyclingteam.hu\/en\/wp-json\/wp\/v2\/posts"}],"about":[{"href":"https:\/\/www.acelvakondcyclingteam.hu\/en\/wp-json\/wp\/v2\/types\/post"}],"author":[{"embeddable":true,"href":"https:\/\/www.acelvakondcyclingteam.hu\/en\/wp-json\/wp\/v2\/users\/1"}],"replies":[{"embeddable":true,"href":"https:\/\/www.acelvakondcyclingteam.hu\/en\/wp-json\/wp\/v2\/comments?post=20146"}],"version-history":[{"count":1,"href":"https:\/\/www.acelvakondcyclingteam.hu\/en\/wp-json\/wp\/v2\/posts\/20146\/revisions"}],"predecessor-version":[{"id":20148,"href":"https:\/\/www.acelvakondcyclingteam.hu\/en\/wp-json\/wp\/v2\/posts\/20146\/revisions\/20148"}],"wp:featuredmedia":[{"embeddable":true,"href":"https:\/\/www.acelvakondcyclingteam.hu\/en\/wp-json\/wp\/v2\/media\/20147"}],"wp:attachment":[{"href":"https:\/\/www.acelvakondcyclingteam.hu\/en\/wp-json\/wp\/v2\/media?parent=20146"}],"wp:term":[{"taxonomy":"category","embeddable":true,"href":"https:\/\/www.acelvakondcyclingteam.hu\/en\/wp-json\/wp\/v2\/categories?post=20146"},{"taxonomy":"post_tag","embeddable":true,"href":"https:\/\/www.acelvakondcyclingteam.hu\/en\/wp-json\/wp\/v2\/tags?post=20146"}],"curies":[{"name":"wp","href":"https:\/\/api.w.org\/{rel}","templated":true}]}}