{"id":20153,"date":"2023-09-19T08:00:00","date_gmt":"2023-09-19T06:00:00","guid":{"rendered":"https:\/\/www.acelvakondcyclingteam.hu\/?p=20153"},"modified":"2024-02-15T15:38:26","modified_gmt":"2024-02-15T14:38:26","slug":"magyar-bajnoki-cim-szokessel-es-jelentos-elonnyel-2","status":"publish","type":"post","link":"https:\/\/www.acelvakondcyclingteam.hu\/en\/2023\/09\/19\/magyar-bajnoki-cim-szokessel-es-jelentos-elonnyel-2\/","title":{"rendered":"Magyar bajnoki c\u00edm sz\u00f6k\u00e9ssel \u00e9s jelent\u0151s el\u0151nnyel"},"content":{"rendered":"<p><strong>Mindh\u00e1rom \u00e9rem megcsillant a zirci Ac\u00e9l-Vakond Ker\u00e9kp\u00e1ros Sportegyes\u00fclet versenyz\u0151inek nyak\u00e1ban a Nagyvelegen megrendezett Garmin Trail Zone Master ob-n \u00e9s ny\u00edlt futamon.<\/strong><\/p>\n\n\n\n<p><a href=\"https:\/\/www.veol.hu\/helyi-sport\/2023\/09\/magyar-bajnoki-cim-szokessel-es-jelentos-elonnyel\">Tov\u00e1bb a teljes cikkre<\/a><\/p>\n\n\n\n<p>Forr\u00e1s: www.veol.hu<\/p>\n\n\n\n<p>Fot\u00f3: Kaiser Erika<\/p>","protected":false},"excerpt":{"rendered":"<p>Mindh\u00e1rom \u00e9rem megcsillant a zirci Ac\u00e9l-Vakond Ker\u00e9kp\u00e1ros Sportegyes\u00fclet versenyz\u0151inek nyak\u00e1ban a Nagyvelegen megrendezett Garmin Trail Zone Master ob-n \u00e9s ny\u00edlt futamon. Tov\u00e1bb a teljes cikkre Forr\u00e1s: www.veol.hu Fot\u00f3: Kaiser Erika<\/p>","protected":false},"author":1,"featured_media":20141,"comment_status":"open","ping_status":"open","sticky":false,"template":"","format":"standard","meta":{"footnotes":""},"categories":[126,123],"tags":[],"class_list":["post-20153","post","type-post","status-publish","format-standard","has-post-thumbnail","hentry","category-beszamolo","category-verseny"],"_links":{"self":[{"href":"https:\/\/www.acelvakondcyclingteam.hu\/en\/wp-json\/wp\/v2\/posts\/20153","targetHints":{"allow":["GET"]}}],"collection":[{"href":"https:\/\/www.acelvakondcyclingteam.hu\/en\/wp-json\/wp\/v2\/posts"}],"about":[{"href":"https:\/\/www.acelvakondcyclingteam.hu\/en\/wp-json\/wp\/v2\/types\/post"}],"author":[{"embeddable":true,"href":"https:\/\/www.acelvakondcyclingteam.hu\/en\/wp-json\/wp\/v2\/users\/1"}],"replies":[{"embeddable":true,"href":"https:\/\/www.acelvakondcyclingteam.hu\/en\/wp-json\/wp\/v2\/comments?post=20153"}],"version-history":[{"count":2,"href":"https:\/\/www.acelvakondcyclingteam.hu\/en\/wp-json\/wp\/v2\/posts\/20153\/revisions"}],"predecessor-version":[{"id":20156,"href":"https:\/\/www.acelvakondcyclingteam.hu\/en\/wp-json\/wp\/v2\/posts\/20153\/revisions\/20156"}],"wp:featuredmedia":[{"embeddable":true,"href":"https:\/\/www.acelvakondcyclingteam.hu\/en\/wp-json\/wp\/v2\/media\/20141"}],"wp:attachment":[{"href":"https:\/\/www.acelvakondcyclingteam.hu\/en\/wp-json\/wp\/v2\/media?parent=20153"}],"wp:term":[{"taxonomy":"category","embeddable":true,"href":"https:\/\/www.acelvakondcyclingteam.hu\/en\/wp-json\/wp\/v2\/categories?post=20153"},{"taxonomy":"post_tag","embeddable":true,"href":"https:\/\/www.acelvakondcyclingteam.hu\/en\/wp-json\/wp\/v2\/tags?post=20153"}],"curies":[{"name":"wp","href":"https:\/\/api.w.org\/{rel}","templated":true}]}}