{"id":20161,"date":"2022-05-06T08:00:00","date_gmt":"2022-05-06T06:00:00","guid":{"rendered":"https:\/\/www.acelvakondcyclingteam.hu\/?p=20161"},"modified":"2024-02-15T15:46:28","modified_gmt":"2024-02-15T14:46:28","slug":"dijeso-az-acel-vakondra-atadtak-a-zirc-varos-sportjaert-kitunteteseket","status":"publish","type":"post","link":"https:\/\/www.acelvakondcyclingteam.hu\/en\/2022\/05\/06\/dijeso-az-acel-vakondra-atadtak-a-zirc-varos-sportjaert-kitunteteseket\/","title":{"rendered":"D\u00edjes\u0151 az Ac\u00e9l-Vakondra &#8211; \u00c1tadt\u00e1k a \u201eZirc V\u00e1ros Sportj\u00e1\u00e9rt\u201d kit\u00fcntet\u00e9seket"},"content":{"rendered":"<p><strong>Ker\u00e9kp\u00e1ros klub lett id\u00e9n a v\u00e1ros sportegyes\u00fclete: az Ac\u00e9l-Vakond. T\u00f6bb tagja szint\u00e9n elismer\u00e9st kapott. Emellett v\u00edzilabd\u00e1z\u00f3, l\u00f6v\u00e9sz, jud\u00f3sok r\u00e9szes\u00fcltek elismer\u00e9sben az \u00f6nkorm\u00e1nyzat \u00fcnneps\u00e9g\u00e9n.<\/strong><\/p>\n\n\n\n<p><a href=\"https:\/\/www.veol.hu\/helyi-kozelet\/2022\/05\/atadtak-a-zirc-varos-sportjaert-kitunteteseket\">Tov\u00e1bb a teljes cikkre<\/a><\/p>\n\n\n\n<p>Forr\u00e1s: <a href=\"https:\/\/www.veol.hu\">veol.hu<\/a><\/p>\n\n\n\n<p>Fot\u00f3: Penov\u00e1c K\u00e1roly \/ Napl\u00f3<\/p>","protected":false},"excerpt":{"rendered":"<p>Ker\u00e9kp\u00e1ros klub lett id\u00e9n a v\u00e1ros sportegyes\u00fclete: az Ac\u00e9l-Vakond. T\u00f6bb tagja szint\u00e9n elismer\u00e9st kapott. Emellett v\u00edzilabd\u00e1z\u00f3, l\u00f6v\u00e9sz, jud\u00f3sok r\u00e9szes\u00fcltek elismer\u00e9sben az \u00f6nkorm\u00e1nyzat \u00fcnneps\u00e9g\u00e9n. Tov\u00e1bb a teljes cikkre Forr\u00e1s: veol.hu Fot\u00f3: Penov\u00e1c K\u00e1roly \/ Napl\u00f3<\/p>","protected":false},"author":1,"featured_media":20126,"comment_status":"open","ping_status":"open","sticky":false,"template":"","format":"standard","meta":{"footnotes":""},"categories":[124],"tags":[],"class_list":["post-20161","post","type-post","status-publish","format-standard","has-post-thumbnail","hentry","category-hirek"],"_links":{"self":[{"href":"https:\/\/www.acelvakondcyclingteam.hu\/en\/wp-json\/wp\/v2\/posts\/20161","targetHints":{"allow":["GET"]}}],"collection":[{"href":"https:\/\/www.acelvakondcyclingteam.hu\/en\/wp-json\/wp\/v2\/posts"}],"about":[{"href":"https:\/\/www.acelvakondcyclingteam.hu\/en\/wp-json\/wp\/v2\/types\/post"}],"author":[{"embeddable":true,"href":"https:\/\/www.acelvakondcyclingteam.hu\/en\/wp-json\/wp\/v2\/users\/1"}],"replies":[{"embeddable":true,"href":"https:\/\/www.acelvakondcyclingteam.hu\/en\/wp-json\/wp\/v2\/comments?post=20161"}],"version-history":[{"count":1,"href":"https:\/\/www.acelvakondcyclingteam.hu\/en\/wp-json\/wp\/v2\/posts\/20161\/revisions"}],"predecessor-version":[{"id":20162,"href":"https:\/\/www.acelvakondcyclingteam.hu\/en\/wp-json\/wp\/v2\/posts\/20161\/revisions\/20162"}],"wp:featuredmedia":[{"embeddable":true,"href":"https:\/\/www.acelvakondcyclingteam.hu\/en\/wp-json\/wp\/v2\/media\/20126"}],"wp:attachment":[{"href":"https:\/\/www.acelvakondcyclingteam.hu\/en\/wp-json\/wp\/v2\/media?parent=20161"}],"wp:term":[{"taxonomy":"category","embeddable":true,"href":"https:\/\/www.acelvakondcyclingteam.hu\/en\/wp-json\/wp\/v2\/categories?post=20161"},{"taxonomy":"post_tag","embeddable":true,"href":"https:\/\/www.acelvakondcyclingteam.hu\/en\/wp-json\/wp\/v2\/tags?post=20161"}],"curies":[{"name":"wp","href":"https:\/\/api.w.org\/{rel}","templated":true}]}}