{"id":20165,"date":"2022-03-16T08:00:00","date_gmt":"2022-03-16T07:00:00","guid":{"rendered":"https:\/\/www.acelvakondcyclingteam.hu\/?p=20165"},"modified":"2024-02-15T15:52:10","modified_gmt":"2024-02-15T14:52:10","slug":"peldaerteku-osszefogas-pumpapalyat-adtak-at-zircen","status":"publish","type":"post","link":"https:\/\/www.acelvakondcyclingteam.hu\/en\/2022\/03\/16\/peldaerteku-osszefogas-pumpapalyat-adtak-at-zircen\/","title":{"rendered":"P\u00e9lda\u00e9rt\u00e9k\u0171 \u00f6sszefog\u00e1s &#8211; Pumpap\u00e1ly\u00e1t adtak \u00e1t Zircen"},"content":{"rendered":"<p><strong>\u00dcnnep\u00e9lyes keretek k\u00f6z\u00f6tt ker\u00fclt sor a p\u00e9lda\u00e9rt\u00e9k\u0171 \u00f6sszefog\u00e1ssal \u00e9s korm\u00e1nyzati t\u00e1mogat\u00e1ssal l\u00e9trej\u00f6tt pumpap\u00e1lya \u00e1tad\u00e1s\u00e1ra.<\/strong><\/p>\n\n\n\n<p><a href=\"https:\/\/www.veol.hu\/helyi-kozelet\/2022\/03\/pumpapalyat-adtak-at-zircen\">Tov\u00e1bb a teljes cikkre<\/a><\/p>\n\n\n\n<p>Forr\u00e1s: <a href=\"https:\/\/www.veol.hu\">veol.hu<\/a><\/p>\n\n\n\n<p>Fot\u00f3: Kelemen G\u00e1bor<\/p>","protected":false},"excerpt":{"rendered":"<p>\u00dcnnep\u00e9lyes keretek k\u00f6z\u00f6tt ker\u00fclt sor a p\u00e9lda\u00e9rt\u00e9k\u0171 \u00f6sszefog\u00e1ssal \u00e9s korm\u00e1nyzati t\u00e1mogat\u00e1ssal l\u00e9trej\u00f6tt pumpap\u00e1lya \u00e1tad\u00e1s\u00e1ra. Tov\u00e1bb a teljes cikkre Forr\u00e1s: veol.hu Fot\u00f3: Kelemen G\u00e1bor<\/p>","protected":false},"author":1,"featured_media":20167,"comment_status":"open","ping_status":"open","sticky":false,"template":"","format":"standard","meta":{"footnotes":""},"categories":[124],"tags":[],"class_list":["post-20165","post","type-post","status-publish","format-standard","has-post-thumbnail","hentry","category-hirek"],"_links":{"self":[{"href":"https:\/\/www.acelvakondcyclingteam.hu\/en\/wp-json\/wp\/v2\/posts\/20165","targetHints":{"allow":["GET"]}}],"collection":[{"href":"https:\/\/www.acelvakondcyclingteam.hu\/en\/wp-json\/wp\/v2\/posts"}],"about":[{"href":"https:\/\/www.acelvakondcyclingteam.hu\/en\/wp-json\/wp\/v2\/types\/post"}],"author":[{"embeddable":true,"href":"https:\/\/www.acelvakondcyclingteam.hu\/en\/wp-json\/wp\/v2\/users\/1"}],"replies":[{"embeddable":true,"href":"https:\/\/www.acelvakondcyclingteam.hu\/en\/wp-json\/wp\/v2\/comments?post=20165"}],"version-history":[{"count":1,"href":"https:\/\/www.acelvakondcyclingteam.hu\/en\/wp-json\/wp\/v2\/posts\/20165\/revisions"}],"predecessor-version":[{"id":20168,"href":"https:\/\/www.acelvakondcyclingteam.hu\/en\/wp-json\/wp\/v2\/posts\/20165\/revisions\/20168"}],"wp:featuredmedia":[{"embeddable":true,"href":"https:\/\/www.acelvakondcyclingteam.hu\/en\/wp-json\/wp\/v2\/media\/20167"}],"wp:attachment":[{"href":"https:\/\/www.acelvakondcyclingteam.hu\/en\/wp-json\/wp\/v2\/media?parent=20165"}],"wp:term":[{"taxonomy":"category","embeddable":true,"href":"https:\/\/www.acelvakondcyclingteam.hu\/en\/wp-json\/wp\/v2\/categories?post=20165"},{"taxonomy":"post_tag","embeddable":true,"href":"https:\/\/www.acelvakondcyclingteam.hu\/en\/wp-json\/wp\/v2\/tags?post=20165"}],"curies":[{"name":"wp","href":"https:\/\/api.w.org\/{rel}","templated":true}]}}