{"id":20172,"date":"2021-06-26T08:00:00","date_gmt":"2021-06-26T06:00:00","guid":{"rendered":"https:\/\/www.acelvakondcyclingteam.hu\/?p=20172"},"modified":"2024-02-15T15:57:19","modified_gmt":"2024-02-15T14:57:19","slug":"ket-aranyerem-jutott-a-zircieknek-a-nemzeti-viadalon","status":"publish","type":"post","link":"https:\/\/www.acelvakondcyclingteam.hu\/en\/2021\/06\/26\/ket-aranyerem-jutott-a-zircieknek-a-nemzeti-viadalon\/","title":{"rendered":"K\u00e9t arany\u00e9rem jutott a zircieknek a nemzeti viadalon"},"content":{"rendered":"<p><strong>Az Ac\u00e9l-Vakond Cyc\u00adling Team ker\u00e9kp\u00e1rosai \u00f6t \u00e9rmet, k\u00f6zt\u00fck k\u00e9t els\u0151 helyet szereztek a h\u00e9tv\u00e9g\u00e9n megrendezett debreceni id\u0151futamon, valamint az ibr\u00e1nyi orsz\u00e1g\u00fati nemzeti bajnoks\u00e1gon.<\/strong><\/p>\n\n\n\n<p><a href=\"https:\/\/www.veol.hu\/helyi-sport\/2021\/06\/ket-aranyerem-jutott-a-zircieknek-a-nemzeti-viadalon\">Tov\u00e1bb a teljes cikkre<\/a><\/p>\n\n\n\n<p>Forr\u00e1s: <a href=\"https:\/\/www.veol.hu\">veol.hu<\/a><\/p>\n\n\n\n<p>Fot\u00f3: Facebook<\/p>","protected":false},"excerpt":{"rendered":"<p>Az Ac\u00e9l-Vakond Cyc\u00adling Team ker\u00e9kp\u00e1rosai \u00f6t \u00e9rmet, k\u00f6zt\u00fck k\u00e9t els\u0151 helyet szereztek a h\u00e9tv\u00e9g\u00e9n megrendezett debreceni id\u0151futamon, valamint az ibr\u00e1nyi orsz\u00e1g\u00fati nemzeti bajnoks\u00e1gon. Tov\u00e1bb a teljes cikkre Forr\u00e1s: veol.hu Fot\u00f3: Facebook<\/p>","protected":false},"author":1,"featured_media":20108,"comment_status":"open","ping_status":"open","sticky":false,"template":"","format":"standard","meta":{"footnotes":""},"categories":[124,123],"tags":[],"class_list":["post-20172","post","type-post","status-publish","format-standard","has-post-thumbnail","hentry","category-hirek","category-verseny"],"_links":{"self":[{"href":"https:\/\/www.acelvakondcyclingteam.hu\/en\/wp-json\/wp\/v2\/posts\/20172","targetHints":{"allow":["GET"]}}],"collection":[{"href":"https:\/\/www.acelvakondcyclingteam.hu\/en\/wp-json\/wp\/v2\/posts"}],"about":[{"href":"https:\/\/www.acelvakondcyclingteam.hu\/en\/wp-json\/wp\/v2\/types\/post"}],"author":[{"embeddable":true,"href":"https:\/\/www.acelvakondcyclingteam.hu\/en\/wp-json\/wp\/v2\/users\/1"}],"replies":[{"embeddable":true,"href":"https:\/\/www.acelvakondcyclingteam.hu\/en\/wp-json\/wp\/v2\/comments?post=20172"}],"version-history":[{"count":1,"href":"https:\/\/www.acelvakondcyclingteam.hu\/en\/wp-json\/wp\/v2\/posts\/20172\/revisions"}],"predecessor-version":[{"id":20173,"href":"https:\/\/www.acelvakondcyclingteam.hu\/en\/wp-json\/wp\/v2\/posts\/20172\/revisions\/20173"}],"wp:featuredmedia":[{"embeddable":true,"href":"https:\/\/www.acelvakondcyclingteam.hu\/en\/wp-json\/wp\/v2\/media\/20108"}],"wp:attachment":[{"href":"https:\/\/www.acelvakondcyclingteam.hu\/en\/wp-json\/wp\/v2\/media?parent=20172"}],"wp:term":[{"taxonomy":"category","embeddable":true,"href":"https:\/\/www.acelvakondcyclingteam.hu\/en\/wp-json\/wp\/v2\/categories?post=20172"},{"taxonomy":"post_tag","embeddable":true,"href":"https:\/\/www.acelvakondcyclingteam.hu\/en\/wp-json\/wp\/v2\/tags?post=20172"}],"curies":[{"name":"wp","href":"https:\/\/api.w.org\/{rel}","templated":true}]}}