{"id":20174,"date":"2021-02-06T08:00:00","date_gmt":"2021-02-06T07:00:00","guid":{"rendered":"https:\/\/www.acelvakondcyclingteam.hu\/?p=20174"},"modified":"2024-02-15T16:00:12","modified_gmt":"2024-02-15T15:00:12","slug":"zirci-sportolok-teljesitmenyet-ismertek-el","status":"publish","type":"post","link":"https:\/\/www.acelvakondcyclingteam.hu\/en\/2021\/02\/06\/zirci-sportolok-teljesitmenyet-ismertek-el\/","title":{"rendered":"Zirci sportol\u00f3k teljes\u00edtm\u00e9ny\u00e9t ismert\u00e9k el"},"content":{"rendered":"<p><strong>A j\u00e1rv\u00e1nyhelyzet miatt sz\u0171k k\u00f6rben, az el\u0151\u00edrt szab\u00e1lyok betart\u00e1s\u00e1val ker\u00fclt sor a Zirc V\u00e1ros Sportj\u00e1\u00e9rt 2020 \u00f6nkorm\u00e1nyzati kit\u00fcntet\u00e9sek \u00e1tad\u00e1s\u00e1ra a v\u00e1rosh\u00e1z\u00e1n.<\/strong><\/p>\n\n\n\n<p><a href=\"https:\/\/www.veol.hu\/helyi-sport\/2021\/06\/zirci-sportolok-teljesitmenyet-ismertek-el-2\">Tov\u00e1bb a teljes cikkre<\/a><\/p>\n\n\n\n<p>Forr\u00e1s: <a href=\"https:\/\/www.veol.hu\">veol.hu<\/a><\/p>\n\n\n\n<p>Fot\u00f3: Kelemen G\u00e1bor<\/p>","protected":false},"excerpt":{"rendered":"<p>A j\u00e1rv\u00e1nyhelyzet miatt sz\u0171k k\u00f6rben, az el\u0151\u00edrt szab\u00e1lyok betart\u00e1s\u00e1val ker\u00fclt sor a Zirc V\u00e1ros Sportj\u00e1\u00e9rt 2020 \u00f6nkorm\u00e1nyzati kit\u00fcntet\u00e9sek \u00e1tad\u00e1s\u00e1ra a v\u00e1rosh\u00e1z\u00e1n. Tov\u00e1bb a teljes cikkre Forr\u00e1s: veol.hu Fot\u00f3: Kelemen G\u00e1bor<\/p>","protected":false},"author":1,"featured_media":20175,"comment_status":"open","ping_status":"open","sticky":false,"template":"","format":"standard","meta":{"footnotes":""},"categories":[1],"tags":[],"class_list":["post-20174","post","type-post","status-publish","format-standard","has-post-thumbnail","hentry","category-dark"],"_links":{"self":[{"href":"https:\/\/www.acelvakondcyclingteam.hu\/en\/wp-json\/wp\/v2\/posts\/20174","targetHints":{"allow":["GET"]}}],"collection":[{"href":"https:\/\/www.acelvakondcyclingteam.hu\/en\/wp-json\/wp\/v2\/posts"}],"about":[{"href":"https:\/\/www.acelvakondcyclingteam.hu\/en\/wp-json\/wp\/v2\/types\/post"}],"author":[{"embeddable":true,"href":"https:\/\/www.acelvakondcyclingteam.hu\/en\/wp-json\/wp\/v2\/users\/1"}],"replies":[{"embeddable":true,"href":"https:\/\/www.acelvakondcyclingteam.hu\/en\/wp-json\/wp\/v2\/comments?post=20174"}],"version-history":[{"count":1,"href":"https:\/\/www.acelvakondcyclingteam.hu\/en\/wp-json\/wp\/v2\/posts\/20174\/revisions"}],"predecessor-version":[{"id":20176,"href":"https:\/\/www.acelvakondcyclingteam.hu\/en\/wp-json\/wp\/v2\/posts\/20174\/revisions\/20176"}],"wp:featuredmedia":[{"embeddable":true,"href":"https:\/\/www.acelvakondcyclingteam.hu\/en\/wp-json\/wp\/v2\/media\/20175"}],"wp:attachment":[{"href":"https:\/\/www.acelvakondcyclingteam.hu\/en\/wp-json\/wp\/v2\/media?parent=20174"}],"wp:term":[{"taxonomy":"category","embeddable":true,"href":"https:\/\/www.acelvakondcyclingteam.hu\/en\/wp-json\/wp\/v2\/categories?post=20174"},{"taxonomy":"post_tag","embeddable":true,"href":"https:\/\/www.acelvakondcyclingteam.hu\/en\/wp-json\/wp\/v2\/tags?post=20174"}],"curies":[{"name":"wp","href":"https:\/\/api.w.org\/{rel}","templated":true}]}}