{"id":20177,"date":"2021-06-03T08:00:00","date_gmt":"2021-06-03T06:00:00","guid":{"rendered":"https:\/\/www.acelvakondcyclingteam.hu\/?p=20177"},"modified":"2024-02-15T16:02:50","modified_gmt":"2024-02-15T15:02:50","slug":"a-bakonyiak-osszesen-hatszor-allhattak-dobogora-a-debreceni-viadalon","status":"publish","type":"post","link":"https:\/\/www.acelvakondcyclingteam.hu\/en\/2021\/06\/03\/a-bakonyiak-osszesen-hatszor-allhattak-dobogora-a-debreceni-viadalon\/","title":{"rendered":"A bakonyiak \u00f6sszesen hatszor \u00e1llhattak dobog\u00f3ra a debreceni viadalon"},"content":{"rendered":"<p><strong>Az Ac\u00e9l-Vakond Cycling Team csapata remek teljes\u00edtm\u00e9nyt ny\u00fajtva, hat dobog\u00f3s helyez\u00e9ssel, k\u00f6zte n\u00e9gy els\u0151 hellyel z\u00e1rta a m\u00e1jus elej\u00e9n megrendezett 2021. \u00e9vi Hajd\u00fa Kup\u00e1t.<\/strong><\/p>\n\n\n\n<p><a href=\"https:\/\/www.veol.hu\/helyi-sport\/2021\/06\/a-bakonyiak-osszesen-hatszor-allhattak-dobogora-a-debreceni-viadalon\">Tov\u00e1bb a teljes cikkre<\/a><\/p>\n\n\n\n<p>Forr\u00e1s: <a href=\"https:\/\/www.veol.hu\">veol.hu<\/a><\/p>\n\n\n\n<p>Fot\u00f3: Ac\u00e9l-Vakond Cycling Team<\/p>","protected":false},"excerpt":{"rendered":"<p>Az Ac\u00e9l-Vakond Cycling Team csapata remek teljes\u00edtm\u00e9nyt ny\u00fajtva, hat dobog\u00f3s helyez\u00e9ssel, k\u00f6zte n\u00e9gy els\u0151 hellyel z\u00e1rta a m\u00e1jus elej\u00e9n megrendezett 2021. \u00e9vi Hajd\u00fa Kup\u00e1t. Tov\u00e1bb a teljes cikkre Forr\u00e1s: veol.hu Fot\u00f3: Ac\u00e9l-Vakond Cycling Team<\/p>","protected":false},"author":1,"featured_media":20178,"comment_status":"open","ping_status":"open","sticky":false,"template":"","format":"standard","meta":{"footnotes":""},"categories":[126,123],"tags":[],"class_list":["post-20177","post","type-post","status-publish","format-standard","has-post-thumbnail","hentry","category-beszamolo","category-verseny"],"_links":{"self":[{"href":"https:\/\/www.acelvakondcyclingteam.hu\/en\/wp-json\/wp\/v2\/posts\/20177","targetHints":{"allow":["GET"]}}],"collection":[{"href":"https:\/\/www.acelvakondcyclingteam.hu\/en\/wp-json\/wp\/v2\/posts"}],"about":[{"href":"https:\/\/www.acelvakondcyclingteam.hu\/en\/wp-json\/wp\/v2\/types\/post"}],"author":[{"embeddable":true,"href":"https:\/\/www.acelvakondcyclingteam.hu\/en\/wp-json\/wp\/v2\/users\/1"}],"replies":[{"embeddable":true,"href":"https:\/\/www.acelvakondcyclingteam.hu\/en\/wp-json\/wp\/v2\/comments?post=20177"}],"version-history":[{"count":1,"href":"https:\/\/www.acelvakondcyclingteam.hu\/en\/wp-json\/wp\/v2\/posts\/20177\/revisions"}],"predecessor-version":[{"id":20179,"href":"https:\/\/www.acelvakondcyclingteam.hu\/en\/wp-json\/wp\/v2\/posts\/20177\/revisions\/20179"}],"wp:featuredmedia":[{"embeddable":true,"href":"https:\/\/www.acelvakondcyclingteam.hu\/en\/wp-json\/wp\/v2\/media\/20178"}],"wp:attachment":[{"href":"https:\/\/www.acelvakondcyclingteam.hu\/en\/wp-json\/wp\/v2\/media?parent=20177"}],"wp:term":[{"taxonomy":"category","embeddable":true,"href":"https:\/\/www.acelvakondcyclingteam.hu\/en\/wp-json\/wp\/v2\/categories?post=20177"},{"taxonomy":"post_tag","embeddable":true,"href":"https:\/\/www.acelvakondcyclingteam.hu\/en\/wp-json\/wp\/v2\/tags?post=20177"}],"curies":[{"name":"wp","href":"https:\/\/api.w.org\/{rel}","templated":true}]}}