{"id":20186,"date":"2020-09-01T08:00:00","date_gmt":"2020-09-01T06:00:00","guid":{"rendered":"https:\/\/www.acelvakondcyclingteam.hu\/?p=20186"},"modified":"2024-02-15T17:38:01","modified_gmt":"2024-02-15T16:38:01","slug":"terepen-es-orszaguton-is-kivaloan-szerepeltek-a-zirci-kerekparosok","status":"publish","type":"post","link":"https:\/\/www.acelvakondcyclingteam.hu\/en\/2020\/09\/01\/terepen-es-orszaguton-is-kivaloan-szerepeltek-a-zirci-kerekparosok\/","title":{"rendered":"Terepen \u00e9s orsz\u00e1g\u00faton is kiv\u00e1l\u00f3an szerepeltek a zirci ker\u00e9kp\u00e1rosok"},"content":{"rendered":"<p><strong>Zirc Az elm\u00falt id\u0151szakban t\u00f6bb rangos ker\u00e9kp\u00e1ros viadalon is eredm\u00e9nyesen szerepeltek az Ac\u00e9l Vakond KSE tagjai.<\/strong><\/p>\n\n\n\n<p><a href=\"https:\/\/www.veol.hu\/helyi-sport\/2020\/09\/terepen-es-orszaguton-is-kivaloan-szerepeltek-a-zirci-kerekparosok\">Tov\u00e1bb a teljes cikkre<\/a><\/p>\n\n\n\n<p>Forr\u00e1s: <a href=\"https:\/\/www.veol.hu\">veol.hu<\/a><\/p>\n\n\n\n<p>Fot\u00f3: Ac\u00e9l-Vakond Cycling Team<\/p>","protected":false},"excerpt":{"rendered":"<p>Zirc Az elm\u00falt id\u0151szakban t\u00f6bb rangos ker\u00e9kp\u00e1ros viadalon is eredm\u00e9nyesen szerepeltek az Ac\u00e9l Vakond KSE tagjai. Tov\u00e1bb a teljes cikkre Forr\u00e1s: veol.hu Fot\u00f3: Ac\u00e9l-Vakond Cycling Team<\/p>","protected":false},"author":1,"featured_media":20187,"comment_status":"open","ping_status":"open","sticky":false,"template":"","format":"standard","meta":{"footnotes":""},"categories":[125,124,123],"tags":[],"class_list":["post-20186","post","type-post","status-publish","format-standard","has-post-thumbnail","hentry","category-eredmenyek","category-hirek","category-verseny"],"_links":{"self":[{"href":"https:\/\/www.acelvakondcyclingteam.hu\/en\/wp-json\/wp\/v2\/posts\/20186","targetHints":{"allow":["GET"]}}],"collection":[{"href":"https:\/\/www.acelvakondcyclingteam.hu\/en\/wp-json\/wp\/v2\/posts"}],"about":[{"href":"https:\/\/www.acelvakondcyclingteam.hu\/en\/wp-json\/wp\/v2\/types\/post"}],"author":[{"embeddable":true,"href":"https:\/\/www.acelvakondcyclingteam.hu\/en\/wp-json\/wp\/v2\/users\/1"}],"replies":[{"embeddable":true,"href":"https:\/\/www.acelvakondcyclingteam.hu\/en\/wp-json\/wp\/v2\/comments?post=20186"}],"version-history":[{"count":1,"href":"https:\/\/www.acelvakondcyclingteam.hu\/en\/wp-json\/wp\/v2\/posts\/20186\/revisions"}],"predecessor-version":[{"id":20188,"href":"https:\/\/www.acelvakondcyclingteam.hu\/en\/wp-json\/wp\/v2\/posts\/20186\/revisions\/20188"}],"wp:featuredmedia":[{"embeddable":true,"href":"https:\/\/www.acelvakondcyclingteam.hu\/en\/wp-json\/wp\/v2\/media\/20187"}],"wp:attachment":[{"href":"https:\/\/www.acelvakondcyclingteam.hu\/en\/wp-json\/wp\/v2\/media?parent=20186"}],"wp:term":[{"taxonomy":"category","embeddable":true,"href":"https:\/\/www.acelvakondcyclingteam.hu\/en\/wp-json\/wp\/v2\/categories?post=20186"},{"taxonomy":"post_tag","embeddable":true,"href":"https:\/\/www.acelvakondcyclingteam.hu\/en\/wp-json\/wp\/v2\/tags?post=20186"}],"curies":[{"name":"wp","href":"https:\/\/api.w.org\/{rel}","templated":true}]}}