{"id":20189,"date":"2020-07-30T08:00:00","date_gmt":"2020-07-30T06:00:00","guid":{"rendered":"https:\/\/www.acelvakondcyclingteam.hu\/?p=20189"},"modified":"2024-02-15T17:40:08","modified_gmt":"2024-02-15T16:40:08","slug":"ket-ermet-szereztek-az-orszaguti-viadalon","status":"publish","type":"post","link":"https:\/\/www.acelvakondcyclingteam.hu\/en\/2020\/07\/30\/ket-ermet-szereztek-az-orszaguti-viadalon\/","title":{"rendered":"K\u00e9t \u00e9rmet szereztek az orsz\u00e1g\u00fati viadalon"},"content":{"rendered":"<p><strong>Az Ac\u00e9l-Vakond Ker\u00e9kp\u00e1ros SE tagjai k\u00e9t \u00e9rmet szereztek a h\u00e9tv\u00e9g\u00e9n megrendezett ut\u00e1np\u00f3tl\u00e1s orsz\u00e1g\u00fati bajnoks\u00e1gon.<\/strong><\/p>\n\n\n\n<p><a href=\"https:\/\/www.veol.hu\/helyi-sport\/2020\/07\/ket-ermet-szereztek-az-orszaguti-viadalon\">Tov\u00e1bb a teljes cikkre<\/a><\/p>\n\n\n\n<p>Forr\u00e1s: <a href=\"https:\/\/www.veol.hu\">veol.hu<\/a><\/p>\n\n\n\n<p>Fot\u00f3: Ac\u00e9l-Vakond Cycling Team<\/p>","protected":false},"excerpt":{"rendered":"<p>Az Ac\u00e9l-Vakond Ker\u00e9kp\u00e1ros SE tagjai k\u00e9t \u00e9rmet szereztek a h\u00e9tv\u00e9g\u00e9n megrendezett ut\u00e1np\u00f3tl\u00e1s orsz\u00e1g\u00fati bajnoks\u00e1gon. Tov\u00e1bb a teljes cikkre Forr\u00e1s: veol.hu Fot\u00f3: Ac\u00e9l-Vakond Cycling Team<\/p>","protected":false},"author":1,"featured_media":20190,"comment_status":"open","ping_status":"open","sticky":false,"template":"","format":"standard","meta":{"footnotes":""},"categories":[125,124,123],"tags":[],"class_list":["post-20189","post","type-post","status-publish","format-standard","has-post-thumbnail","hentry","category-eredmenyek","category-hirek","category-verseny"],"_links":{"self":[{"href":"https:\/\/www.acelvakondcyclingteam.hu\/en\/wp-json\/wp\/v2\/posts\/20189","targetHints":{"allow":["GET"]}}],"collection":[{"href":"https:\/\/www.acelvakondcyclingteam.hu\/en\/wp-json\/wp\/v2\/posts"}],"about":[{"href":"https:\/\/www.acelvakondcyclingteam.hu\/en\/wp-json\/wp\/v2\/types\/post"}],"author":[{"embeddable":true,"href":"https:\/\/www.acelvakondcyclingteam.hu\/en\/wp-json\/wp\/v2\/users\/1"}],"replies":[{"embeddable":true,"href":"https:\/\/www.acelvakondcyclingteam.hu\/en\/wp-json\/wp\/v2\/comments?post=20189"}],"version-history":[{"count":1,"href":"https:\/\/www.acelvakondcyclingteam.hu\/en\/wp-json\/wp\/v2\/posts\/20189\/revisions"}],"predecessor-version":[{"id":20191,"href":"https:\/\/www.acelvakondcyclingteam.hu\/en\/wp-json\/wp\/v2\/posts\/20189\/revisions\/20191"}],"wp:featuredmedia":[{"embeddable":true,"href":"https:\/\/www.acelvakondcyclingteam.hu\/en\/wp-json\/wp\/v2\/media\/20190"}],"wp:attachment":[{"href":"https:\/\/www.acelvakondcyclingteam.hu\/en\/wp-json\/wp\/v2\/media?parent=20189"}],"wp:term":[{"taxonomy":"category","embeddable":true,"href":"https:\/\/www.acelvakondcyclingteam.hu\/en\/wp-json\/wp\/v2\/categories?post=20189"},{"taxonomy":"post_tag","embeddable":true,"href":"https:\/\/www.acelvakondcyclingteam.hu\/en\/wp-json\/wp\/v2\/tags?post=20189"}],"curies":[{"name":"wp","href":"https:\/\/api.w.org\/{rel}","templated":true}]}}