{"id":20192,"date":"2020-07-24T08:00:00","date_gmt":"2020-07-24T06:00:00","guid":{"rendered":"https:\/\/www.acelvakondcyclingteam.hu\/?p=20192"},"modified":"2024-02-15T17:42:38","modified_gmt":"2024-02-15T16:42:38","slug":"hetvegen-ujabb-kokemeny-eroproba-var-az-acel-vakond-kepviseloire","status":"publish","type":"post","link":"https:\/\/www.acelvakondcyclingteam.hu\/en\/2020\/07\/24\/hetvegen-ujabb-kokemeny-eroproba-var-az-acel-vakond-kepviseloire\/","title":{"rendered":"H\u00e9tv\u00e9g\u00e9n \u00fajabb k\u0151kem\u00e9ny er\u0151pr\u00f3ba v\u00e1r az Ac\u00e9l-Vakond k\u00e9pvisel\u0151ire"},"content":{"rendered":"<p>Magyar Kupa futam \u00e9s egy rangos ut\u00e1np\u00f3tl\u00e1s-viadal szerepelt az Ac\u00e9l-Vakond Ker\u00e9kp\u00e1ros Sportegyes\u00fclet programj\u00e1ban a m\u00f6g\u00f6tt\u00fcnk hagyott h\u00e9tv\u00e9g\u00e9n.<\/p>\n\n\n\n<p><a href=\"https:\/\/www.veol.hu\/helyi-sport\/2020\/07\/hetvegen-ujabb-kokemeny-eroproba-var-az-acel-vakond-kepviseloire\">Tov\u00e1bb a teljes cikkre<\/a><\/p>\n\n\n\n<p>Forr\u00e1s: <a href=\"https:\/\/www.veol.hu\">veol.hu<\/a><\/p>\n\n\n\n<p>Fot\u00f3: Bak Ferenc<\/p>","protected":false},"excerpt":{"rendered":"<p>Magyar Kupa futam \u00e9s egy rangos ut\u00e1np\u00f3tl\u00e1s-viadal szerepelt az Ac\u00e9l-Vakond Ker\u00e9kp\u00e1ros Sportegyes\u00fclet programj\u00e1ban a m\u00f6g\u00f6tt\u00fcnk hagyott h\u00e9tv\u00e9g\u00e9n. Tov\u00e1bb a teljes cikkre Forr\u00e1s: veol.hu Fot\u00f3: Bak Ferenc<\/p>","protected":false},"author":1,"featured_media":20193,"comment_status":"open","ping_status":"open","sticky":false,"template":"","format":"standard","meta":{"footnotes":""},"categories":[125,124,123],"tags":[],"class_list":["post-20192","post","type-post","status-publish","format-standard","has-post-thumbnail","hentry","category-eredmenyek","category-hirek","category-verseny"],"_links":{"self":[{"href":"https:\/\/www.acelvakondcyclingteam.hu\/en\/wp-json\/wp\/v2\/posts\/20192","targetHints":{"allow":["GET"]}}],"collection":[{"href":"https:\/\/www.acelvakondcyclingteam.hu\/en\/wp-json\/wp\/v2\/posts"}],"about":[{"href":"https:\/\/www.acelvakondcyclingteam.hu\/en\/wp-json\/wp\/v2\/types\/post"}],"author":[{"embeddable":true,"href":"https:\/\/www.acelvakondcyclingteam.hu\/en\/wp-json\/wp\/v2\/users\/1"}],"replies":[{"embeddable":true,"href":"https:\/\/www.acelvakondcyclingteam.hu\/en\/wp-json\/wp\/v2\/comments?post=20192"}],"version-history":[{"count":1,"href":"https:\/\/www.acelvakondcyclingteam.hu\/en\/wp-json\/wp\/v2\/posts\/20192\/revisions"}],"predecessor-version":[{"id":20194,"href":"https:\/\/www.acelvakondcyclingteam.hu\/en\/wp-json\/wp\/v2\/posts\/20192\/revisions\/20194"}],"wp:featuredmedia":[{"embeddable":true,"href":"https:\/\/www.acelvakondcyclingteam.hu\/en\/wp-json\/wp\/v2\/media\/20193"}],"wp:attachment":[{"href":"https:\/\/www.acelvakondcyclingteam.hu\/en\/wp-json\/wp\/v2\/media?parent=20192"}],"wp:term":[{"taxonomy":"category","embeddable":true,"href":"https:\/\/www.acelvakondcyclingteam.hu\/en\/wp-json\/wp\/v2\/categories?post=20192"},{"taxonomy":"post_tag","embeddable":true,"href":"https:\/\/www.acelvakondcyclingteam.hu\/en\/wp-json\/wp\/v2\/tags?post=20192"}],"curies":[{"name":"wp","href":"https:\/\/api.w.org\/{rel}","templated":true}]}}