{"id":20195,"date":"2020-07-17T08:00:00","date_gmt":"2020-07-17T06:00:00","guid":{"rendered":"https:\/\/www.acelvakondcyclingteam.hu\/?p=20195"},"modified":"2024-02-15T17:45:11","modified_gmt":"2024-02-15T16:45:11","slug":"a-zirci-biciklisek-megusztak-a-tomegbalesetet","status":"publish","type":"post","link":"https:\/\/www.acelvakondcyclingteam.hu\/en\/2020\/07\/17\/a-zirci-biciklisek-megusztak-a-tomegbalesetet\/","title":{"rendered":"A zirci biciklisek meg\u00faszt\u00e1k a t\u00f6megbalesetet"},"content":{"rendered":"<p><strong>Szombaton a M\u00e1tr\u00e1ban, m\u00e1snap pedig az \u00f3ri\u00e1si buk\u00e1sr\u00f3l elh\u00edres\u00fclt I. Gran Gella Giro Kup\u00e1n \u00e1lltak rajthoz a zirci Ac\u00e9l-Vakond Ker\u00e9kp\u00e1ros SE tagjai.<\/strong><\/p>\n\n\n\n<p><a href=\"https:\/\/www.veol.hu\/helyi-sport\/2020\/07\/a-zirci-biciklisek-megusztak-a-tomegbalesetet\">Tov\u00e1bb a teljes cikkre<\/a><\/p>\n\n\n\n<p>Forr\u00e1s: <a href=\"https:\/\/www.veol.hu\">veol.hu<\/a><\/p>\n\n\n\n<p>Fot\u00f3: Ac\u00e9l-Vakond Cycling Team<\/p>","protected":false},"excerpt":{"rendered":"<p>Szombaton a M\u00e1tr\u00e1ban, m\u00e1snap pedig az \u00f3ri\u00e1si buk\u00e1sr\u00f3l elh\u00edres\u00fclt I. Gran Gella Giro Kup\u00e1n \u00e1lltak rajthoz a zirci Ac\u00e9l-Vakond Ker\u00e9kp\u00e1ros SE tagjai. Tov\u00e1bb a teljes cikkre Forr\u00e1s: veol.hu Fot\u00f3: Ac\u00e9l-Vakond Cycling Team<\/p>","protected":false},"author":1,"featured_media":20196,"comment_status":"open","ping_status":"open","sticky":false,"template":"","format":"standard","meta":{"footnotes":""},"categories":[125,124,123],"tags":[],"class_list":["post-20195","post","type-post","status-publish","format-standard","has-post-thumbnail","hentry","category-eredmenyek","category-hirek","category-verseny"],"_links":{"self":[{"href":"https:\/\/www.acelvakondcyclingteam.hu\/en\/wp-json\/wp\/v2\/posts\/20195","targetHints":{"allow":["GET"]}}],"collection":[{"href":"https:\/\/www.acelvakondcyclingteam.hu\/en\/wp-json\/wp\/v2\/posts"}],"about":[{"href":"https:\/\/www.acelvakondcyclingteam.hu\/en\/wp-json\/wp\/v2\/types\/post"}],"author":[{"embeddable":true,"href":"https:\/\/www.acelvakondcyclingteam.hu\/en\/wp-json\/wp\/v2\/users\/1"}],"replies":[{"embeddable":true,"href":"https:\/\/www.acelvakondcyclingteam.hu\/en\/wp-json\/wp\/v2\/comments?post=20195"}],"version-history":[{"count":1,"href":"https:\/\/www.acelvakondcyclingteam.hu\/en\/wp-json\/wp\/v2\/posts\/20195\/revisions"}],"predecessor-version":[{"id":20197,"href":"https:\/\/www.acelvakondcyclingteam.hu\/en\/wp-json\/wp\/v2\/posts\/20195\/revisions\/20197"}],"wp:featuredmedia":[{"embeddable":true,"href":"https:\/\/www.acelvakondcyclingteam.hu\/en\/wp-json\/wp\/v2\/media\/20196"}],"wp:attachment":[{"href":"https:\/\/www.acelvakondcyclingteam.hu\/en\/wp-json\/wp\/v2\/media?parent=20195"}],"wp:term":[{"taxonomy":"category","embeddable":true,"href":"https:\/\/www.acelvakondcyclingteam.hu\/en\/wp-json\/wp\/v2\/categories?post=20195"},{"taxonomy":"post_tag","embeddable":true,"href":"https:\/\/www.acelvakondcyclingteam.hu\/en\/wp-json\/wp\/v2\/tags?post=20195"}],"curies":[{"name":"wp","href":"https:\/\/api.w.org\/{rel}","templated":true}]}}