{"id":20198,"date":"2020-07-09T08:00:00","date_gmt":"2020-07-09T06:00:00","guid":{"rendered":"https:\/\/www.acelvakondcyclingteam.hu\/?p=20198"},"modified":"2024-02-15T17:47:19","modified_gmt":"2024-02-15T16:47:19","slug":"tropusi-idoben-is-gyujtottek-az-ermeket-a-zirci-bringasok","status":"publish","type":"post","link":"https:\/\/www.acelvakondcyclingteam.hu\/en\/2020\/07\/09\/tropusi-idoben-is-gyujtottek-az-ermeket-a-zirci-bringasok\/","title":{"rendered":"Tr\u00f3pusi id\u0151ben is gy\u0171jt\u00f6tt\u00e9k az \u00e9rmeket a zirci bring\u00e1sok"},"content":{"rendered":"<p><strong>Az id\u0151j\u00e1r\u00e1s ugyan el\u00e9gg\u00e9 megnehez\u00edtette a r\u00e9sztvev\u0151k dolg\u00e1t, a zirci Ac\u00e9l-Vakond Ker\u00e9kp\u00e1ros Egyes\u00fclet sportol\u00f3i azonban \u00edgy is nagyszer\u0171en teljes\u00edtettek az \u00fajonnan indul\u00f3 szezon egyik els\u0151 verseny\u00e9n.<\/strong><\/p>\n\n\n\n<p><a href=\"https:\/\/www.veol.hu\/helyi-sport\/2020\/07\/tropusi-idoben-is-gyujtottek-az-ermeket-a-zirci-bringasok\">Tov\u00e1bb a teljes cikkre<\/a><\/p>\n\n\n\n<p>Forr\u00e1s: <a href=\"https:\/\/www.veol.hu\">veol.hu<\/a><\/p>\n\n\n\n<p>Fot\u00f3: Ac\u00e9l-Vakond Cycling Team<\/p>","protected":false},"excerpt":{"rendered":"<p>Az id\u0151j\u00e1r\u00e1s ugyan el\u00e9gg\u00e9 megnehez\u00edtette a r\u00e9sztvev\u0151k dolg\u00e1t, a zirci Ac\u00e9l-Vakond Ker\u00e9kp\u00e1ros Egyes\u00fclet sportol\u00f3i azonban \u00edgy is nagyszer\u0171en teljes\u00edtettek az \u00fajonnan indul\u00f3 szezon egyik els\u0151 verseny\u00e9n. Tov\u00e1bb a teljes cikkre Forr\u00e1s: veol.hu Fot\u00f3: Ac\u00e9l-Vakond Cycling Team<\/p>","protected":false},"author":1,"featured_media":20199,"comment_status":"open","ping_status":"open","sticky":false,"template":"","format":"standard","meta":{"footnotes":""},"categories":[125,124,123],"tags":[],"class_list":["post-20198","post","type-post","status-publish","format-standard","has-post-thumbnail","hentry","category-eredmenyek","category-hirek","category-verseny"],"_links":{"self":[{"href":"https:\/\/www.acelvakondcyclingteam.hu\/en\/wp-json\/wp\/v2\/posts\/20198","targetHints":{"allow":["GET"]}}],"collection":[{"href":"https:\/\/www.acelvakondcyclingteam.hu\/en\/wp-json\/wp\/v2\/posts"}],"about":[{"href":"https:\/\/www.acelvakondcyclingteam.hu\/en\/wp-json\/wp\/v2\/types\/post"}],"author":[{"embeddable":true,"href":"https:\/\/www.acelvakondcyclingteam.hu\/en\/wp-json\/wp\/v2\/users\/1"}],"replies":[{"embeddable":true,"href":"https:\/\/www.acelvakondcyclingteam.hu\/en\/wp-json\/wp\/v2\/comments?post=20198"}],"version-history":[{"count":1,"href":"https:\/\/www.acelvakondcyclingteam.hu\/en\/wp-json\/wp\/v2\/posts\/20198\/revisions"}],"predecessor-version":[{"id":20200,"href":"https:\/\/www.acelvakondcyclingteam.hu\/en\/wp-json\/wp\/v2\/posts\/20198\/revisions\/20200"}],"wp:featuredmedia":[{"embeddable":true,"href":"https:\/\/www.acelvakondcyclingteam.hu\/en\/wp-json\/wp\/v2\/media\/20199"}],"wp:attachment":[{"href":"https:\/\/www.acelvakondcyclingteam.hu\/en\/wp-json\/wp\/v2\/media?parent=20198"}],"wp:term":[{"taxonomy":"category","embeddable":true,"href":"https:\/\/www.acelvakondcyclingteam.hu\/en\/wp-json\/wp\/v2\/categories?post=20198"},{"taxonomy":"post_tag","embeddable":true,"href":"https:\/\/www.acelvakondcyclingteam.hu\/en\/wp-json\/wp\/v2\/tags?post=20198"}],"curies":[{"name":"wp","href":"https:\/\/api.w.org\/{rel}","templated":true}]}}