{"id":20201,"date":"2023-11-23T08:00:00","date_gmt":"2023-11-23T07:00:00","guid":{"rendered":"https:\/\/www.acelvakondcyclingteam.hu\/?p=20201"},"modified":"2024-02-15T17:50:33","modified_gmt":"2024-02-15T16:50:33","slug":"fejer-varmegyet-is-meghoditottak-az-acel-vakondok","status":"publish","type":"post","link":"https:\/\/www.acelvakondcyclingteam.hu\/en\/2023\/11\/23\/fejer-varmegyet-is-meghoditottak-az-acel-vakondok\/","title":{"rendered":"Fej\u00e9r v\u00e1rmegy\u00e9t is megh\u00f3d\u00edtott\u00e1k az Ac\u00e9l-Vakondok!"},"content":{"rendered":"<p>P\u00f6rg\u0151 kerekek, sz\u00e1guld\u00f3 versenyz\u0151k, \u00e9s k\u00f6z\u00f6ss\u00e9gi \u00f6sszetart\u00e1s: a ker\u00e9kp\u00e1rsport izgalmas vil\u00e1ga Veszpr\u00e9m ut\u00e1n Fej\u00e9r v\u00e1rmegy\u00e9ben is h\u00f3d\u00edt!<\/p>\n\n\n\n<p><a href=\"https:\/\/www.feol.hu\/helyi-sport\/2023\/11\/fejer-varmegyet-is-meghoditottak-az-acel-vakondok\">Tov\u00e1bb a teljes cikkre<\/a><\/p>\n\n\n\n<p>Forr\u00e1s: <a href=\"https:\/\/www.feol.hu\">feol.hu<\/a><\/p>\n\n\n\n<p>Fot\u00f3: Ac\u00e9l-Vakond Cycling Team<\/p>","protected":false},"excerpt":{"rendered":"<p>P\u00f6rg\u0151 kerekek, sz\u00e1guld\u00f3 versenyz\u0151k, \u00e9s k\u00f6z\u00f6ss\u00e9gi \u00f6sszetart\u00e1s: a ker\u00e9kp\u00e1rsport izgalmas vil\u00e1ga Veszpr\u00e9m ut\u00e1n Fej\u00e9r v\u00e1rmegy\u00e9ben is h\u00f3d\u00edt! Tov\u00e1bb a teljes cikkre Forr\u00e1s: feol.hu Fot\u00f3: Ac\u00e9l-Vakond Cycling Team<\/p>","protected":false},"author":1,"featured_media":20202,"comment_status":"open","ping_status":"open","sticky":false,"template":"","format":"standard","meta":{"footnotes":""},"categories":[125,124,123],"tags":[],"class_list":["post-20201","post","type-post","status-publish","format-standard","has-post-thumbnail","hentry","category-eredmenyek","category-hirek","category-verseny"],"_links":{"self":[{"href":"https:\/\/www.acelvakondcyclingteam.hu\/en\/wp-json\/wp\/v2\/posts\/20201","targetHints":{"allow":["GET"]}}],"collection":[{"href":"https:\/\/www.acelvakondcyclingteam.hu\/en\/wp-json\/wp\/v2\/posts"}],"about":[{"href":"https:\/\/www.acelvakondcyclingteam.hu\/en\/wp-json\/wp\/v2\/types\/post"}],"author":[{"embeddable":true,"href":"https:\/\/www.acelvakondcyclingteam.hu\/en\/wp-json\/wp\/v2\/users\/1"}],"replies":[{"embeddable":true,"href":"https:\/\/www.acelvakondcyclingteam.hu\/en\/wp-json\/wp\/v2\/comments?post=20201"}],"version-history":[{"count":1,"href":"https:\/\/www.acelvakondcyclingteam.hu\/en\/wp-json\/wp\/v2\/posts\/20201\/revisions"}],"predecessor-version":[{"id":20203,"href":"https:\/\/www.acelvakondcyclingteam.hu\/en\/wp-json\/wp\/v2\/posts\/20201\/revisions\/20203"}],"wp:featuredmedia":[{"embeddable":true,"href":"https:\/\/www.acelvakondcyclingteam.hu\/en\/wp-json\/wp\/v2\/media\/20202"}],"wp:attachment":[{"href":"https:\/\/www.acelvakondcyclingteam.hu\/en\/wp-json\/wp\/v2\/media?parent=20201"}],"wp:term":[{"taxonomy":"category","embeddable":true,"href":"https:\/\/www.acelvakondcyclingteam.hu\/en\/wp-json\/wp\/v2\/categories?post=20201"},{"taxonomy":"post_tag","embeddable":true,"href":"https:\/\/www.acelvakondcyclingteam.hu\/en\/wp-json\/wp\/v2\/tags?post=20201"}],"curies":[{"name":"wp","href":"https:\/\/api.w.org\/{rel}","templated":true}]}}