{"id":20204,"date":"2023-05-24T08:00:00","date_gmt":"2023-05-24T06:00:00","guid":{"rendered":"https:\/\/www.acelvakondcyclingteam.hu\/?p=20204"},"modified":"2024-02-15T17:52:46","modified_gmt":"2024-02-15T16:52:46","slug":"iden-is-elindul-az-orszaguti-kerekparverseny-nagyvelegen","status":"publish","type":"post","link":"https:\/\/www.acelvakondcyclingteam.hu\/en\/2023\/05\/24\/iden-is-elindul-az-orszaguti-kerekparverseny-nagyvelegen\/","title":{"rendered":"Id\u00e9n is elindul az orsz\u00e1g\u00fati ker\u00e9kp\u00e1rverseny Nagyvelegen"},"content":{"rendered":"<p><strong>Tavaly, hagyom\u00e1nyteremt\u0151 c\u00e9llal szervezt\u00e9k meg az orsz\u00e1g\u00fati mez\u0151nyversenyt a bakonyi telep\u00fcl\u00e9sen. A szinte bevehetetlen emelked\u0151kkel tark\u00edtott szakaszok tetszettek a ker\u00e9kp\u00e1rosoknak, \u00edgy id\u00e9n m\u00e1r a m\u00e1sodik alkalommal indulnak a velegi f\u0151utc\u00e1r\u00f3l.<\/strong><\/p>\n\n\n\n<p><a href=\"https:\/\/www.feol.hu\/helyi-eletstilus\/2023\/05\/iden-is-elindul-az-orszaguti-kerekparverseny-nagyvelegen\">Tov\u00e1bb a teljes cikkre<\/a><\/p>\n\n\n\n<p>Forr\u00e1s: <a href=\"https:\/\/www.feol.hu\">feol.hu<\/a><\/p>\n\n\n\n<p>Fot\u00f3: Ac\u00e9l-Vakond Cycling Team<\/p>","protected":false},"excerpt":{"rendered":"<p>Tavaly, hagyom\u00e1nyteremt\u0151 c\u00e9llal szervezt\u00e9k meg az orsz\u00e1g\u00fati mez\u0151nyversenyt a bakonyi telep\u00fcl\u00e9sen. A szinte bevehetetlen emelked\u0151kkel tark\u00edtott szakaszok tetszettek a ker\u00e9kp\u00e1rosoknak, \u00edgy id\u00e9n m\u00e1r a m\u00e1sodik alkalommal indulnak a velegi f\u0151utc\u00e1r\u00f3l. Tov\u00e1bb a teljes cikkre Forr\u00e1s: feol.hu Fot\u00f3: Ac\u00e9l-Vakond Cycling Team<\/p>","protected":false},"author":1,"featured_media":20138,"comment_status":"open","ping_status":"open","sticky":false,"template":"","format":"standard","meta":{"footnotes":""},"categories":[124],"tags":[],"class_list":["post-20204","post","type-post","status-publish","format-standard","has-post-thumbnail","hentry","category-hirek"],"_links":{"self":[{"href":"https:\/\/www.acelvakondcyclingteam.hu\/en\/wp-json\/wp\/v2\/posts\/20204","targetHints":{"allow":["GET"]}}],"collection":[{"href":"https:\/\/www.acelvakondcyclingteam.hu\/en\/wp-json\/wp\/v2\/posts"}],"about":[{"href":"https:\/\/www.acelvakondcyclingteam.hu\/en\/wp-json\/wp\/v2\/types\/post"}],"author":[{"embeddable":true,"href":"https:\/\/www.acelvakondcyclingteam.hu\/en\/wp-json\/wp\/v2\/users\/1"}],"replies":[{"embeddable":true,"href":"https:\/\/www.acelvakondcyclingteam.hu\/en\/wp-json\/wp\/v2\/comments?post=20204"}],"version-history":[{"count":1,"href":"https:\/\/www.acelvakondcyclingteam.hu\/en\/wp-json\/wp\/v2\/posts\/20204\/revisions"}],"predecessor-version":[{"id":20205,"href":"https:\/\/www.acelvakondcyclingteam.hu\/en\/wp-json\/wp\/v2\/posts\/20204\/revisions\/20205"}],"wp:featuredmedia":[{"embeddable":true,"href":"https:\/\/www.acelvakondcyclingteam.hu\/en\/wp-json\/wp\/v2\/media\/20138"}],"wp:attachment":[{"href":"https:\/\/www.acelvakondcyclingteam.hu\/en\/wp-json\/wp\/v2\/media?parent=20204"}],"wp:term":[{"taxonomy":"category","embeddable":true,"href":"https:\/\/www.acelvakondcyclingteam.hu\/en\/wp-json\/wp\/v2\/categories?post=20204"},{"taxonomy":"post_tag","embeddable":true,"href":"https:\/\/www.acelvakondcyclingteam.hu\/en\/wp-json\/wp\/v2\/tags?post=20204"}],"curies":[{"name":"wp","href":"https:\/\/api.w.org\/{rel}","templated":true}]}}