{"id":20415,"date":"2024-04-06T07:57:31","date_gmt":"2024-04-06T05:57:31","guid":{"rendered":"https:\/\/www.acelvakondcyclingteam.hu\/?p=20415"},"modified":"2024-04-06T08:07:03","modified_gmt":"2024-04-06T06:07:03","slug":"az-ev-elso-versenyei-beszamolo","status":"publish","type":"post","link":"https:\/\/www.acelvakondcyclingteam.hu\/en\/2024\/04\/06\/az-ev-elso-versenyei-beszamolo\/","title":{"rendered":"Az \u00e9v els\u0151 versenyei &#8211; besz\u00e1mol\u00f3"},"content":{"rendered":"<p><\/p>\n\n\n\n<p><strong>03.09. IV. Kajdacs Nagyd\u00edj<\/strong><\/p>\n\n\n\n<p><em>Welit:<\/em><br>Szekeres Tamara 4.hely<br>Orosz Lili 6. hely<\/p>\n\n\n\n<p><em>Master:<\/em><br>Egerv\u00e1ri Gergely 10.hely<\/p>\n\n\n\n<p><em>Elit1:<\/em><br>Kov\u00e1cs Martin 30.hely<br>Dombi G\u00e1bor 44.hely<br>T\u00f3th Bence 45.hely<br>Kiss \u00c1d\u00e1m 46.hely<\/p>\n\n\n\n<p><em>Elit2:<\/em><br>Baglyos S\u00e1ndor 9.hely<\/p>\n\n\n\n<p><em>U19:<\/em><br>Reinodli \u00c1kos 22.hely<br><br>K\u00f6sz\u00f6nj\u00fck a remek szervez\u00e9st <a href=\"https:\/\/www.facebook.com\/gruppoinfantilo?__cft__[0]=AZVrau_Vn9j2iNc3wxJLzltcvfmYuVZII1ZNzFaGj9FAo0FOm4DITPAxdKJGFnv9fVIkELm9BdNIvDNwfC5YtXSjmm857J1qG8pYhmVIqSwCnysUi2bw0-5qBcDz5CGcJhWdrrw9gAAXrcJNyKba80Pv&amp;__tn__=-]K-R\">Szeksz\u00e1rdi Ker\u00e9kp\u00e1ros S.E.<\/a>!<\/p>\n\n\n\n<hr class=\"wp-block-separator has-alpha-channel-opacity\"\/>\n\n\n\n<p><\/p>\n\n\n\n<p><strong>03.24 3G kupa T\u00f3tv\u00e1zsony<\/strong><\/p>\n\n\n\n<p><em>Welit:<\/em><br>Szekeres Tamara 3.hely<img decoding=\"async\" height=\"16\" width=\"16\" src=\"https:\/\/static.xx.fbcdn.net\/images\/emoji.php\/v9\/t35\/2\/16\/1f949.png\" alt=\"\ud83e\udd49\"><\/p>\n\n\n\n<p><em>Elit2:<\/em><br>Apr\u00f3 Csaba 1.hely <img decoding=\"async\" height=\"16\" width=\"16\" src=\"https:\/\/static.xx.fbcdn.net\/images\/emoji.php\/v9\/t33\/2\/16\/1f947.png\" alt=\"\ud83e\udd47\"><\/p>\n\n\n\n<p>Kop\u00e1csi Attila, Kiss \u00c1d\u00e1m, Csizmazia \u00c1ron, Dombi G\u00e1bor, Reinodli \u00c1kos, L\u00fcvi Gell\u00e9rt, Sashalmi Rich\u00e1rd, T\u00f3th Bence, Horv\u00e1th Tam\u00e1s, Baglyos S\u00e1ndor is befejezte a versenyt. A hib\u00e1s eredm\u00e9nylista miatt a helyez\u00e9s az \u0151 eset\u00fckben nem pontos.<\/p>\n\n\n\n<p>K\u00e9pek: <a href=\"https:\/\/www.facebook.com\/tirszin.foto?__cft__[0]=AZVrau_Vn9j2iNc3wxJLzltcvfmYuVZII1ZNzFaGj9FAo0FOm4DITPAxdKJGFnv9fVIkELm9BdNIvDNwfC5YtXSjmm857J1qG8pYhmVIqSwCnysUi2bw0-5qBcDz5CGcJhWdrrw9gAAXrcJNyKba80Pv&amp;__tn__=-]K-R\">TirszinFoto<\/a><\/p>\n\n\n\n<hr class=\"wp-block-separator has-alpha-channel-opacity\"\/>\n\n\n\n<p><\/p>\n\n\n\n<p><strong>03.28-29. Diakolimpia, Hajdu F\u0151nix kupa<\/strong><\/p>\n\n\n\n<p>Reinodli \u00c1kos U19<\/p>\n\n\n\n<p>Di\u00e1kolimpia 2.hely <img decoding=\"async\" height=\"16\" width=\"16\" alt=\"\ud83e\udd48\" src=\"https:\/\/static.xx.fbcdn.net\/images\/emoji.php\/v9\/tb4\/2\/16\/1f948.png\"><\/p>\n\n\n\n<p>Hajdu kupa 9.hely, illetve egy r\u00e9szhajr\u00e1t megnyerve p\u00e9nzjutalomban r\u00e9szes\u00fclt.<\/p>\n\n\n\n<p>Csizmazia \u00c1ron U17<\/p>\n\n\n\n<p>Di\u00e1kolimpia 15.hely<\/p>\n\n\n\n<p>Hajdu Kupa 13.hely<\/p>\n\n\n\n<p>F\u0151nix Kupa 8.hely<\/p>\n\n\n\n<p>Orosz Lili WElit<\/p>\n\n\n\n<p>Di\u00e1kolimpia 4.hely<\/p>\n\n\n\n<p>K\u00f6sz\u00f6nj\u00fck a szervez\u00e9st DKSI!<\/p>\n\n\n\n<figure class=\"wp-block-gallery has-nested-images columns-4 is-cropped wp-block-gallery-1 is-layout-flex wp-block-gallery-is-layout-flex\">\n<figure class=\"wp-block-image size-medium\"><img loading=\"lazy\" decoding=\"async\" width=\"300\" height=\"220\" data-id=\"20426\" src=\"https:\/\/www.acelvakondcyclingteam.hu\/wp-content\/uploads\/2024\/04\/IMG_5506-300x220.jpeg\" alt=\"\" class=\"wp-image-20426\" srcset=\"https:\/\/www.acelvakondcyclingteam.hu\/wp-content\/uploads\/2024\/04\/IMG_5506-300x220.jpeg 300w, https:\/\/www.acelvakondcyclingteam.hu\/wp-content\/uploads\/2024\/04\/IMG_5506-1024x750.jpeg 1024w, https:\/\/www.acelvakondcyclingteam.hu\/wp-content\/uploads\/2024\/04\/IMG_5506-768x562.jpeg 768w, https:\/\/www.acelvakondcyclingteam.hu\/wp-content\/uploads\/2024\/04\/IMG_5506-1536x1124.jpeg 1536w, https:\/\/www.acelvakondcyclingteam.hu\/wp-content\/uploads\/2024\/04\/IMG_5506-16x12.jpeg 16w, https:\/\/www.acelvakondcyclingteam.hu\/wp-content\/uploads\/2024\/04\/IMG_5506-600x439.jpeg 600w, https:\/\/www.acelvakondcyclingteam.hu\/wp-content\/uploads\/2024\/04\/IMG_5506.jpeg 2048w\" sizes=\"(max-width: 300px) 100vw, 300px\" \/><\/figure>\n\n\n\n<figure class=\"wp-block-image size-medium\"><img loading=\"lazy\" decoding=\"async\" width=\"300\" height=\"221\" data-id=\"20430\" src=\"https:\/\/www.acelvakondcyclingteam.hu\/wp-content\/uploads\/2024\/04\/IMG_5510-300x221.jpeg\" alt=\"\" class=\"wp-image-20430\" srcset=\"https:\/\/www.acelvakondcyclingteam.hu\/wp-content\/uploads\/2024\/04\/IMG_5510-300x221.jpeg 300w, https:\/\/www.acelvakondcyclingteam.hu\/wp-content\/uploads\/2024\/04\/IMG_5510-1024x755.jpeg 1024w, https:\/\/www.acelvakondcyclingteam.hu\/wp-content\/uploads\/2024\/04\/IMG_5510-768x566.jpeg 768w, https:\/\/www.acelvakondcyclingteam.hu\/wp-content\/uploads\/2024\/04\/IMG_5510-1536x1133.jpeg 1536w, https:\/\/www.acelvakondcyclingteam.hu\/wp-content\/uploads\/2024\/04\/IMG_5510-16x12.jpeg 16w, https:\/\/www.acelvakondcyclingteam.hu\/wp-content\/uploads\/2024\/04\/IMG_5510-600x442.jpeg 600w, https:\/\/www.acelvakondcyclingteam.hu\/wp-content\/uploads\/2024\/04\/IMG_5510.jpeg 2048w\" sizes=\"(max-width: 300px) 100vw, 300px\" \/><\/figure>\n\n\n\n<figure class=\"wp-block-image size-medium\"><img loading=\"lazy\" decoding=\"async\" width=\"300\" height=\"192\" data-id=\"20421\" src=\"https:\/\/www.acelvakondcyclingteam.hu\/wp-content\/uploads\/2024\/04\/IMG_5502-300x192.jpeg\" alt=\"\" class=\"wp-image-20421\" srcset=\"https:\/\/www.acelvakondcyclingteam.hu\/wp-content\/uploads\/2024\/04\/IMG_5502-300x192.jpeg 300w, https:\/\/www.acelvakondcyclingteam.hu\/wp-content\/uploads\/2024\/04\/IMG_5502-1024x657.jpeg 1024w, https:\/\/www.acelvakondcyclingteam.hu\/wp-content\/uploads\/2024\/04\/IMG_5502-768x492.jpeg 768w, https:\/\/www.acelvakondcyclingteam.hu\/wp-content\/uploads\/2024\/04\/IMG_5502-1536x985.jpeg 1536w, https:\/\/www.acelvakondcyclingteam.hu\/wp-content\/uploads\/2024\/04\/IMG_5502-18x12.jpeg 18w, https:\/\/www.acelvakondcyclingteam.hu\/wp-content\/uploads\/2024\/04\/IMG_5502-600x385.jpeg 600w, https:\/\/www.acelvakondcyclingteam.hu\/wp-content\/uploads\/2024\/04\/IMG_5502.jpeg 2048w\" sizes=\"(max-width: 300px) 100vw, 300px\" \/><\/figure>\n\n\n\n<figure class=\"wp-block-image size-medium\"><img loading=\"lazy\" decoding=\"async\" width=\"300\" height=\"212\" data-id=\"20431\" src=\"https:\/\/www.acelvakondcyclingteam.hu\/wp-content\/uploads\/2024\/04\/IMG_5511-300x212.jpeg\" alt=\"\" class=\"wp-image-20431\" srcset=\"https:\/\/www.acelvakondcyclingteam.hu\/wp-content\/uploads\/2024\/04\/IMG_5511-300x212.jpeg 300w, https:\/\/www.acelvakondcyclingteam.hu\/wp-content\/uploads\/2024\/04\/IMG_5511-1024x722.jpeg 1024w, https:\/\/www.acelvakondcyclingteam.hu\/wp-content\/uploads\/2024\/04\/IMG_5511-768x542.jpeg 768w, https:\/\/www.acelvakondcyclingteam.hu\/wp-content\/uploads\/2024\/04\/IMG_5511-1536x1083.jpeg 1536w, https:\/\/www.acelvakondcyclingteam.hu\/wp-content\/uploads\/2024\/04\/IMG_5511-18x12.jpeg 18w, https:\/\/www.acelvakondcyclingteam.hu\/wp-content\/uploads\/2024\/04\/IMG_5511-600x423.jpeg 600w, https:\/\/www.acelvakondcyclingteam.hu\/wp-content\/uploads\/2024\/04\/IMG_5511.jpeg 2048w\" sizes=\"(max-width: 300px) 100vw, 300px\" \/><\/figure>\n\n\n\n<figure class=\"wp-block-image size-medium\"><img loading=\"lazy\" decoding=\"async\" width=\"300\" height=\"169\" data-id=\"20417\" src=\"https:\/\/www.acelvakondcyclingteam.hu\/wp-content\/uploads\/2024\/04\/IMG_5492-300x169.jpeg\" alt=\"\" class=\"wp-image-20417\" srcset=\"https:\/\/www.acelvakondcyclingteam.hu\/wp-content\/uploads\/2024\/04\/IMG_5492-300x169.jpeg 300w, https:\/\/www.acelvakondcyclingteam.hu\/wp-content\/uploads\/2024\/04\/IMG_5492-1024x576.jpeg 1024w, https:\/\/www.acelvakondcyclingteam.hu\/wp-content\/uploads\/2024\/04\/IMG_5492-768x432.jpeg 768w, https:\/\/www.acelvakondcyclingteam.hu\/wp-content\/uploads\/2024\/04\/IMG_5492-1536x864.jpeg 1536w, https:\/\/www.acelvakondcyclingteam.hu\/wp-content\/uploads\/2024\/04\/IMG_5492-18x10.jpeg 18w, https:\/\/www.acelvakondcyclingteam.hu\/wp-content\/uploads\/2024\/04\/IMG_5492-150x85.jpeg 150w, https:\/\/www.acelvakondcyclingteam.hu\/wp-content\/uploads\/2024\/04\/IMG_5492-1920x1080.jpeg 1920w, https:\/\/www.acelvakondcyclingteam.hu\/wp-content\/uploads\/2024\/04\/IMG_5492-600x338.jpeg 600w, https:\/\/www.acelvakondcyclingteam.hu\/wp-content\/uploads\/2024\/04\/IMG_5492.jpeg 2048w\" sizes=\"(max-width: 300px) 100vw, 300px\" \/><\/figure>\n\n\n\n<figure class=\"wp-block-image size-medium\"><img loading=\"lazy\" decoding=\"async\" width=\"300\" height=\"244\" data-id=\"20432\" src=\"https:\/\/www.acelvakondcyclingteam.hu\/wp-content\/uploads\/2024\/04\/IMG_5512-300x244.jpeg\" alt=\"\" class=\"wp-image-20432\" srcset=\"https:\/\/www.acelvakondcyclingteam.hu\/wp-content\/uploads\/2024\/04\/IMG_5512-300x244.jpeg 300w, https:\/\/www.acelvakondcyclingteam.hu\/wp-content\/uploads\/2024\/04\/IMG_5512-1024x833.jpeg 1024w, https:\/\/www.acelvakondcyclingteam.hu\/wp-content\/uploads\/2024\/04\/IMG_5512-768x624.jpeg 768w, https:\/\/www.acelvakondcyclingteam.hu\/wp-content\/uploads\/2024\/04\/IMG_5512-1536x1249.jpeg 1536w, https:\/\/www.acelvakondcyclingteam.hu\/wp-content\/uploads\/2024\/04\/IMG_5512-15x12.jpeg 15w, https:\/\/www.acelvakondcyclingteam.hu\/wp-content\/uploads\/2024\/04\/IMG_5512-600x488.jpeg 600w, https:\/\/www.acelvakondcyclingteam.hu\/wp-content\/uploads\/2024\/04\/IMG_5512.jpeg 2048w\" sizes=\"(max-width: 300px) 100vw, 300px\" \/><\/figure>\n\n\n\n<figure class=\"wp-block-image size-medium\"><img loading=\"lazy\" decoding=\"async\" width=\"300\" height=\"169\" data-id=\"20437\" src=\"https:\/\/www.acelvakondcyclingteam.hu\/wp-content\/uploads\/2024\/04\/IMG_5489-300x169.jpeg\" alt=\"\" class=\"wp-image-20437\" srcset=\"https:\/\/www.acelvakondcyclingteam.hu\/wp-content\/uploads\/2024\/04\/IMG_5489-300x169.jpeg 300w, https:\/\/www.acelvakondcyclingteam.hu\/wp-content\/uploads\/2024\/04\/IMG_5489-1024x576.jpeg 1024w, https:\/\/www.acelvakondcyclingteam.hu\/wp-content\/uploads\/2024\/04\/IMG_5489-768x432.jpeg 768w, https:\/\/www.acelvakondcyclingteam.hu\/wp-content\/uploads\/2024\/04\/IMG_5489-1536x864.jpeg 1536w, https:\/\/www.acelvakondcyclingteam.hu\/wp-content\/uploads\/2024\/04\/IMG_5489-18x10.jpeg 18w, https:\/\/www.acelvakondcyclingteam.hu\/wp-content\/uploads\/2024\/04\/IMG_5489-150x85.jpeg 150w, https:\/\/www.acelvakondcyclingteam.hu\/wp-content\/uploads\/2024\/04\/IMG_5489-1920x1080.jpeg 1920w, https:\/\/www.acelvakondcyclingteam.hu\/wp-content\/uploads\/2024\/04\/IMG_5489-600x338.jpeg 600w, https:\/\/www.acelvakondcyclingteam.hu\/wp-content\/uploads\/2024\/04\/IMG_5489.jpeg 2048w\" sizes=\"(max-width: 300px) 100vw, 300px\" \/><\/figure>\n\n\n\n<figure class=\"wp-block-image size-medium\"><img loading=\"lazy\" decoding=\"async\" width=\"300\" height=\"214\" data-id=\"20423\" src=\"https:\/\/www.acelvakondcyclingteam.hu\/wp-content\/uploads\/2024\/04\/IMG_5504-300x214.jpeg\" alt=\"\" class=\"wp-image-20423\" srcset=\"https:\/\/www.acelvakondcyclingteam.hu\/wp-content\/uploads\/2024\/04\/IMG_5504-300x214.jpeg 300w, https:\/\/www.acelvakondcyclingteam.hu\/wp-content\/uploads\/2024\/04\/IMG_5504-1024x730.jpeg 1024w, https:\/\/www.acelvakondcyclingteam.hu\/wp-content\/uploads\/2024\/04\/IMG_5504-768x548.jpeg 768w, https:\/\/www.acelvakondcyclingteam.hu\/wp-content\/uploads\/2024\/04\/IMG_5504-1536x1095.jpeg 1536w, https:\/\/www.acelvakondcyclingteam.hu\/wp-content\/uploads\/2024\/04\/IMG_5504-18x12.jpeg 18w, https:\/\/www.acelvakondcyclingteam.hu\/wp-content\/uploads\/2024\/04\/IMG_5504-370x265.jpeg 370w, https:\/\/www.acelvakondcyclingteam.hu\/wp-content\/uploads\/2024\/04\/IMG_5504-600x428.jpeg 600w, https:\/\/www.acelvakondcyclingteam.hu\/wp-content\/uploads\/2024\/04\/IMG_5504.jpeg 2048w\" sizes=\"(max-width: 300px) 100vw, 300px\" \/><\/figure>\n\n\n\n<figure class=\"wp-block-image size-medium\"><img loading=\"lazy\" decoding=\"async\" width=\"216\" height=\"300\" data-id=\"20422\" src=\"https:\/\/www.acelvakondcyclingteam.hu\/wp-content\/uploads\/2024\/04\/IMG_5503-216x300.jpeg\" alt=\"\" class=\"wp-image-20422\" srcset=\"https:\/\/www.acelvakondcyclingteam.hu\/wp-content\/uploads\/2024\/04\/IMG_5503-216x300.jpeg 216w, https:\/\/www.acelvakondcyclingteam.hu\/wp-content\/uploads\/2024\/04\/IMG_5503-739x1024.jpeg 739w, https:\/\/www.acelvakondcyclingteam.hu\/wp-content\/uploads\/2024\/04\/IMG_5503-768x1065.jpeg 768w, https:\/\/www.acelvakondcyclingteam.hu\/wp-content\/uploads\/2024\/04\/IMG_5503-1108x1536.jpeg 1108w, https:\/\/www.acelvakondcyclingteam.hu\/wp-content\/uploads\/2024\/04\/IMG_5503-9x12.jpeg 9w, https:\/\/www.acelvakondcyclingteam.hu\/wp-content\/uploads\/2024\/04\/IMG_5503-600x832.jpeg 600w, https:\/\/www.acelvakondcyclingteam.hu\/wp-content\/uploads\/2024\/04\/IMG_5503.jpeg 1477w\" sizes=\"(max-width: 216px) 100vw, 216px\" \/><\/figure>\n\n\n\n<figure class=\"wp-block-image size-medium\"><img loading=\"lazy\" decoding=\"async\" width=\"300\" height=\"169\" data-id=\"20418\" src=\"https:\/\/www.acelvakondcyclingteam.hu\/wp-content\/uploads\/2024\/04\/IMG_5493-300x169.jpeg\" alt=\"\" class=\"wp-image-20418\" srcset=\"https:\/\/www.acelvakondcyclingteam.hu\/wp-content\/uploads\/2024\/04\/IMG_5493-300x169.jpeg 300w, https:\/\/www.acelvakondcyclingteam.hu\/wp-content\/uploads\/2024\/04\/IMG_5493-1024x576.jpeg 1024w, https:\/\/www.acelvakondcyclingteam.hu\/wp-content\/uploads\/2024\/04\/IMG_5493-768x432.jpeg 768w, https:\/\/www.acelvakondcyclingteam.hu\/wp-content\/uploads\/2024\/04\/IMG_5493-1536x864.jpeg 1536w, https:\/\/www.acelvakondcyclingteam.hu\/wp-content\/uploads\/2024\/04\/IMG_5493-18x10.jpeg 18w, https:\/\/www.acelvakondcyclingteam.hu\/wp-content\/uploads\/2024\/04\/IMG_5493-150x85.jpeg 150w, https:\/\/www.acelvakondcyclingteam.hu\/wp-content\/uploads\/2024\/04\/IMG_5493-1920x1080.jpeg 1920w, https:\/\/www.acelvakondcyclingteam.hu\/wp-content\/uploads\/2024\/04\/IMG_5493-600x338.jpeg 600w, https:\/\/www.acelvakondcyclingteam.hu\/wp-content\/uploads\/2024\/04\/IMG_5493.jpeg 2048w\" sizes=\"(max-width: 300px) 100vw, 300px\" \/><\/figure>\n\n\n\n<figure class=\"wp-block-image size-medium\"><img loading=\"lazy\" decoding=\"async\" width=\"300\" height=\"219\" data-id=\"20427\" src=\"https:\/\/www.acelvakondcyclingteam.hu\/wp-content\/uploads\/2024\/04\/IMG_5507-300x219.jpeg\" alt=\"\" class=\"wp-image-20427\" srcset=\"https:\/\/www.acelvakondcyclingteam.hu\/wp-content\/uploads\/2024\/04\/IMG_5507-300x219.jpeg 300w, https:\/\/www.acelvakondcyclingteam.hu\/wp-content\/uploads\/2024\/04\/IMG_5507-1024x748.jpeg 1024w, https:\/\/www.acelvakondcyclingteam.hu\/wp-content\/uploads\/2024\/04\/IMG_5507-768x561.jpeg 768w, https:\/\/www.acelvakondcyclingteam.hu\/wp-content\/uploads\/2024\/04\/IMG_5507-1536x1122.jpeg 1536w, https:\/\/www.acelvakondcyclingteam.hu\/wp-content\/uploads\/2024\/04\/IMG_5507-16x12.jpeg 16w, https:\/\/www.acelvakondcyclingteam.hu\/wp-content\/uploads\/2024\/04\/IMG_5507-600x438.jpeg 600w, https:\/\/www.acelvakondcyclingteam.hu\/wp-content\/uploads\/2024\/04\/IMG_5507.jpeg 2048w\" sizes=\"(max-width: 300px) 100vw, 300px\" \/><\/figure>\n\n\n\n<figure class=\"wp-block-image size-medium\"><img loading=\"lazy\" decoding=\"async\" width=\"300\" height=\"197\" data-id=\"20420\" src=\"https:\/\/www.acelvakondcyclingteam.hu\/wp-content\/uploads\/2024\/04\/IMG_5501-300x197.jpeg\" alt=\"\" class=\"wp-image-20420\" srcset=\"https:\/\/www.acelvakondcyclingteam.hu\/wp-content\/uploads\/2024\/04\/IMG_5501-300x197.jpeg 300w, https:\/\/www.acelvakondcyclingteam.hu\/wp-content\/uploads\/2024\/04\/IMG_5501-1024x671.jpeg 1024w, https:\/\/www.acelvakondcyclingteam.hu\/wp-content\/uploads\/2024\/04\/IMG_5501-768x503.jpeg 768w, https:\/\/www.acelvakondcyclingteam.hu\/wp-content\/uploads\/2024\/04\/IMG_5501-1536x1007.jpeg 1536w, https:\/\/www.acelvakondcyclingteam.hu\/wp-content\/uploads\/2024\/04\/IMG_5501-18x12.jpeg 18w, https:\/\/www.acelvakondcyclingteam.hu\/wp-content\/uploads\/2024\/04\/IMG_5501-600x393.jpeg 600w, https:\/\/www.acelvakondcyclingteam.hu\/wp-content\/uploads\/2024\/04\/IMG_5501.jpeg 2048w\" sizes=\"(max-width: 300px) 100vw, 300px\" \/><\/figure>\n\n\n\n<figure class=\"wp-block-image size-medium\"><img loading=\"lazy\" decoding=\"async\" width=\"300\" height=\"169\" data-id=\"20419\" src=\"https:\/\/www.acelvakondcyclingteam.hu\/wp-content\/uploads\/2024\/04\/IMG_5494-300x169.jpeg\" alt=\"\" class=\"wp-image-20419\" srcset=\"https:\/\/www.acelvakondcyclingteam.hu\/wp-content\/uploads\/2024\/04\/IMG_5494-300x169.jpeg 300w, https:\/\/www.acelvakondcyclingteam.hu\/wp-content\/uploads\/2024\/04\/IMG_5494-1024x576.jpeg 1024w, https:\/\/www.acelvakondcyclingteam.hu\/wp-content\/uploads\/2024\/04\/IMG_5494-768x432.jpeg 768w, https:\/\/www.acelvakondcyclingteam.hu\/wp-content\/uploads\/2024\/04\/IMG_5494-1536x864.jpeg 1536w, https:\/\/www.acelvakondcyclingteam.hu\/wp-content\/uploads\/2024\/04\/IMG_5494-18x10.jpeg 18w, https:\/\/www.acelvakondcyclingteam.hu\/wp-content\/uploads\/2024\/04\/IMG_5494-150x85.jpeg 150w, https:\/\/www.acelvakondcyclingteam.hu\/wp-content\/uploads\/2024\/04\/IMG_5494-1920x1080.jpeg 1920w, https:\/\/www.acelvakondcyclingteam.hu\/wp-content\/uploads\/2024\/04\/IMG_5494-600x338.jpeg 600w, https:\/\/www.acelvakondcyclingteam.hu\/wp-content\/uploads\/2024\/04\/IMG_5494.jpeg 2048w\" sizes=\"(max-width: 300px) 100vw, 300px\" \/><\/figure>\n\n\n\n<figure class=\"wp-block-image size-medium\"><img loading=\"lazy\" decoding=\"async\" width=\"300\" height=\"169\" data-id=\"20416\" src=\"https:\/\/www.acelvakondcyclingteam.hu\/wp-content\/uploads\/2024\/04\/IMG_5490-300x169.jpeg\" alt=\"\" class=\"wp-image-20416\" srcset=\"https:\/\/www.acelvakondcyclingteam.hu\/wp-content\/uploads\/2024\/04\/IMG_5490-300x169.jpeg 300w, https:\/\/www.acelvakondcyclingteam.hu\/wp-content\/uploads\/2024\/04\/IMG_5490-1024x576.jpeg 1024w, https:\/\/www.acelvakondcyclingteam.hu\/wp-content\/uploads\/2024\/04\/IMG_5490-768x432.jpeg 768w, https:\/\/www.acelvakondcyclingteam.hu\/wp-content\/uploads\/2024\/04\/IMG_5490-1536x864.jpeg 1536w, https:\/\/www.acelvakondcyclingteam.hu\/wp-content\/uploads\/2024\/04\/IMG_5490-18x10.jpeg 18w, https:\/\/www.acelvakondcyclingteam.hu\/wp-content\/uploads\/2024\/04\/IMG_5490-150x85.jpeg 150w, https:\/\/www.acelvakondcyclingteam.hu\/wp-content\/uploads\/2024\/04\/IMG_5490-1920x1080.jpeg 1920w, https:\/\/www.acelvakondcyclingteam.hu\/wp-content\/uploads\/2024\/04\/IMG_5490-600x338.jpeg 600w, https:\/\/www.acelvakondcyclingteam.hu\/wp-content\/uploads\/2024\/04\/IMG_5490.jpeg 2048w\" sizes=\"(max-width: 300px) 100vw, 300px\" \/><\/figure>\n\n\n\n<figure class=\"wp-block-image size-medium\"><img loading=\"lazy\" decoding=\"async\" width=\"300\" height=\"208\" data-id=\"20429\" src=\"https:\/\/www.acelvakondcyclingteam.hu\/wp-content\/uploads\/2024\/04\/IMG_5509-300x208.jpeg\" alt=\"\" class=\"wp-image-20429\" srcset=\"https:\/\/www.acelvakondcyclingteam.hu\/wp-content\/uploads\/2024\/04\/IMG_5509-300x208.jpeg 300w, https:\/\/www.acelvakondcyclingteam.hu\/wp-content\/uploads\/2024\/04\/IMG_5509-1024x712.jpeg 1024w, https:\/\/www.acelvakondcyclingteam.hu\/wp-content\/uploads\/2024\/04\/IMG_5509-768x534.jpeg 768w, https:\/\/www.acelvakondcyclingteam.hu\/wp-content\/uploads\/2024\/04\/IMG_5509-1536x1067.jpeg 1536w, https:\/\/www.acelvakondcyclingteam.hu\/wp-content\/uploads\/2024\/04\/IMG_5509-18x12.jpeg 18w, https:\/\/www.acelvakondcyclingteam.hu\/wp-content\/uploads\/2024\/04\/IMG_5509-600x417.jpeg 600w, https:\/\/www.acelvakondcyclingteam.hu\/wp-content\/uploads\/2024\/04\/IMG_5509.jpeg 2048w\" sizes=\"(max-width: 300px) 100vw, 300px\" \/><\/figure>\n\n\n\n<figure class=\"wp-block-image size-medium\"><img loading=\"lazy\" decoding=\"async\" width=\"300\" height=\"192\" data-id=\"20436\" src=\"https:\/\/www.acelvakondcyclingteam.hu\/wp-content\/uploads\/2024\/04\/IMG_5516-300x192.jpeg\" alt=\"\" class=\"wp-image-20436\" srcset=\"https:\/\/www.acelvakondcyclingteam.hu\/wp-content\/uploads\/2024\/04\/IMG_5516-300x192.jpeg 300w, https:\/\/www.acelvakondcyclingteam.hu\/wp-content\/uploads\/2024\/04\/IMG_5516-1024x657.jpeg 1024w, https:\/\/www.acelvakondcyclingteam.hu\/wp-content\/uploads\/2024\/04\/IMG_5516-768x492.jpeg 768w, https:\/\/www.acelvakondcyclingteam.hu\/wp-content\/uploads\/2024\/04\/IMG_5516-1536x985.jpeg 1536w, https:\/\/www.acelvakondcyclingteam.hu\/wp-content\/uploads\/2024\/04\/IMG_5516-18x12.jpeg 18w, https:\/\/www.acelvakondcyclingteam.hu\/wp-content\/uploads\/2024\/04\/IMG_5516-600x385.jpeg 600w, https:\/\/www.acelvakondcyclingteam.hu\/wp-content\/uploads\/2024\/04\/IMG_5516.jpeg 2048w\" sizes=\"(max-width: 300px) 100vw, 300px\" \/><\/figure>\n\n\n\n<figure class=\"wp-block-image size-medium\"><img loading=\"lazy\" decoding=\"async\" width=\"300\" height=\"173\" data-id=\"20434\" src=\"https:\/\/www.acelvakondcyclingteam.hu\/wp-content\/uploads\/2024\/04\/IMG_5514-300x173.jpeg\" alt=\"\" class=\"wp-image-20434\" srcset=\"https:\/\/www.acelvakondcyclingteam.hu\/wp-content\/uploads\/2024\/04\/IMG_5514-300x173.jpeg 300w, https:\/\/www.acelvakondcyclingteam.hu\/wp-content\/uploads\/2024\/04\/IMG_5514-1024x591.jpeg 1024w, https:\/\/www.acelvakondcyclingteam.hu\/wp-content\/uploads\/2024\/04\/IMG_5514-768x443.jpeg 768w, https:\/\/www.acelvakondcyclingteam.hu\/wp-content\/uploads\/2024\/04\/IMG_5514-1536x887.jpeg 1536w, https:\/\/www.acelvakondcyclingteam.hu\/wp-content\/uploads\/2024\/04\/IMG_5514-18x10.jpeg 18w, https:\/\/www.acelvakondcyclingteam.hu\/wp-content\/uploads\/2024\/04\/IMG_5514-600x346.jpeg 600w, https:\/\/www.acelvakondcyclingteam.hu\/wp-content\/uploads\/2024\/04\/IMG_5514.jpeg 2048w\" sizes=\"(max-width: 300px) 100vw, 300px\" \/><\/figure>\n\n\n\n<figure class=\"wp-block-image size-medium\"><img loading=\"lazy\" decoding=\"async\" width=\"300\" height=\"200\" data-id=\"20425\" src=\"https:\/\/www.acelvakondcyclingteam.hu\/wp-content\/uploads\/2024\/04\/IMG_5505-300x200.jpeg\" alt=\"\" class=\"wp-image-20425\" srcset=\"https:\/\/www.acelvakondcyclingteam.hu\/wp-content\/uploads\/2024\/04\/IMG_5505-300x200.jpeg 300w, https:\/\/www.acelvakondcyclingteam.hu\/wp-content\/uploads\/2024\/04\/IMG_5505-1024x683.jpeg 1024w, https:\/\/www.acelvakondcyclingteam.hu\/wp-content\/uploads\/2024\/04\/IMG_5505-768x512.jpeg 768w, https:\/\/www.acelvakondcyclingteam.hu\/wp-content\/uploads\/2024\/04\/IMG_5505-1536x1024.jpeg 1536w, https:\/\/www.acelvakondcyclingteam.hu\/wp-content\/uploads\/2024\/04\/IMG_5505-18x12.jpeg 18w, https:\/\/www.acelvakondcyclingteam.hu\/wp-content\/uploads\/2024\/04\/IMG_5505-600x400.jpeg 600w, https:\/\/www.acelvakondcyclingteam.hu\/wp-content\/uploads\/2024\/04\/IMG_5505.jpeg 2048w\" sizes=\"(max-width: 300px) 100vw, 300px\" \/><\/figure>\n\n\n\n<figure class=\"wp-block-image size-medium\"><img loading=\"lazy\" decoding=\"async\" width=\"300\" height=\"189\" data-id=\"20435\" src=\"https:\/\/www.acelvakondcyclingteam.hu\/wp-content\/uploads\/2024\/04\/IMG_5515-300x189.jpeg\" alt=\"\" class=\"wp-image-20435\" srcset=\"https:\/\/www.acelvakondcyclingteam.hu\/wp-content\/uploads\/2024\/04\/IMG_5515-300x189.jpeg 300w, https:\/\/www.acelvakondcyclingteam.hu\/wp-content\/uploads\/2024\/04\/IMG_5515-1024x646.jpeg 1024w, https:\/\/www.acelvakondcyclingteam.hu\/wp-content\/uploads\/2024\/04\/IMG_5515-768x484.jpeg 768w, https:\/\/www.acelvakondcyclingteam.hu\/wp-content\/uploads\/2024\/04\/IMG_5515-1536x968.jpeg 1536w, https:\/\/www.acelvakondcyclingteam.hu\/wp-content\/uploads\/2024\/04\/IMG_5515-18x12.jpeg 18w, https:\/\/www.acelvakondcyclingteam.hu\/wp-content\/uploads\/2024\/04\/IMG_5515-600x378.jpeg 600w, https:\/\/www.acelvakondcyclingteam.hu\/wp-content\/uploads\/2024\/04\/IMG_5515.jpeg 2048w\" sizes=\"(max-width: 300px) 100vw, 300px\" \/><\/figure>\n\n\n\n<figure class=\"wp-block-image size-medium\"><img loading=\"lazy\" decoding=\"async\" width=\"300\" height=\"189\" data-id=\"20424\" src=\"https:\/\/www.acelvakondcyclingteam.hu\/wp-content\/uploads\/2024\/04\/IMG_5515-300x189.jpg\" alt=\"\" class=\"wp-image-20424\" srcset=\"https:\/\/www.acelvakondcyclingteam.hu\/wp-content\/uploads\/2024\/04\/IMG_5515-300x189.jpg 300w, https:\/\/www.acelvakondcyclingteam.hu\/wp-content\/uploads\/2024\/04\/IMG_5515-1024x646.jpg 1024w, https:\/\/www.acelvakondcyclingteam.hu\/wp-content\/uploads\/2024\/04\/IMG_5515-768x484.jpg 768w, https:\/\/www.acelvakondcyclingteam.hu\/wp-content\/uploads\/2024\/04\/IMG_5515-1536x968.jpg 1536w, https:\/\/www.acelvakondcyclingteam.hu\/wp-content\/uploads\/2024\/04\/IMG_5515-18x12.jpg 18w, https:\/\/www.acelvakondcyclingteam.hu\/wp-content\/uploads\/2024\/04\/IMG_5515-600x378.jpg 600w, https:\/\/www.acelvakondcyclingteam.hu\/wp-content\/uploads\/2024\/04\/IMG_5515.jpg 2048w\" sizes=\"(max-width: 300px) 100vw, 300px\" \/><\/figure>\n\n\n\n<figure class=\"wp-block-image size-medium\"><img loading=\"lazy\" decoding=\"async\" width=\"300\" height=\"197\" data-id=\"20428\" src=\"https:\/\/www.acelvakondcyclingteam.hu\/wp-content\/uploads\/2024\/04\/IMG_5508-300x197.jpeg\" alt=\"\" class=\"wp-image-20428\" srcset=\"https:\/\/www.acelvakondcyclingteam.hu\/wp-content\/uploads\/2024\/04\/IMG_5508-300x197.jpeg 300w, https:\/\/www.acelvakondcyclingteam.hu\/wp-content\/uploads\/2024\/04\/IMG_5508-1024x673.jpeg 1024w, https:\/\/www.acelvakondcyclingteam.hu\/wp-content\/uploads\/2024\/04\/IMG_5508-768x504.jpeg 768w, https:\/\/www.acelvakondcyclingteam.hu\/wp-content\/uploads\/2024\/04\/IMG_5508-1536x1009.jpeg 1536w, https:\/\/www.acelvakondcyclingteam.hu\/wp-content\/uploads\/2024\/04\/IMG_5508-18x12.jpeg 18w, https:\/\/www.acelvakondcyclingteam.hu\/wp-content\/uploads\/2024\/04\/IMG_5508-600x394.jpeg 600w, https:\/\/www.acelvakondcyclingteam.hu\/wp-content\/uploads\/2024\/04\/IMG_5508.jpeg 2048w\" sizes=\"(max-width: 300px) 100vw, 300px\" \/><\/figure>\n\n\n\n<figure class=\"wp-block-image size-medium\"><img loading=\"lazy\" decoding=\"async\" width=\"300\" height=\"186\" data-id=\"20433\" src=\"https:\/\/www.acelvakondcyclingteam.hu\/wp-content\/uploads\/2024\/04\/IMG_5513-300x186.jpeg\" alt=\"\" class=\"wp-image-20433\" srcset=\"https:\/\/www.acelvakondcyclingteam.hu\/wp-content\/uploads\/2024\/04\/IMG_5513-300x186.jpeg 300w, https:\/\/www.acelvakondcyclingteam.hu\/wp-content\/uploads\/2024\/04\/IMG_5513-1024x636.jpeg 1024w, https:\/\/www.acelvakondcyclingteam.hu\/wp-content\/uploads\/2024\/04\/IMG_5513-768x477.jpeg 768w, https:\/\/www.acelvakondcyclingteam.hu\/wp-content\/uploads\/2024\/04\/IMG_5513-1536x953.jpeg 1536w, https:\/\/www.acelvakondcyclingteam.hu\/wp-content\/uploads\/2024\/04\/IMG_5513-18x12.jpeg 18w, https:\/\/www.acelvakondcyclingteam.hu\/wp-content\/uploads\/2024\/04\/IMG_5513-600x372.jpeg 600w, https:\/\/www.acelvakondcyclingteam.hu\/wp-content\/uploads\/2024\/04\/IMG_5513.jpeg 2048w\" sizes=\"(max-width: 300px) 100vw, 300px\" \/><\/figure>\n<\/figure>","protected":false},"excerpt":{"rendered":"<p>A m\u00e1r megszokott Montenegr\u00f3i edz\u0151t\u00e1bor ut\u00e1n t\u00fal vagyunk az \u00e9v els\u0151 versenyein is.<\/p>","protected":false},"author":1,"featured_media":20420,"comment_status":"open","ping_status":"open","sticky":false,"template":"","format":"standard","meta":{"footnotes":""},"categories":[126,125,124,123],"tags":[],"class_list":["post-20415","post","type-post","status-publish","format-standard","has-post-thumbnail","hentry","category-beszamolo","category-eredmenyek","category-hirek","category-verseny"],"_links":{"self":[{"href":"https:\/\/www.acelvakondcyclingteam.hu\/en\/wp-json\/wp\/v2\/posts\/20415","targetHints":{"allow":["GET"]}}],"collection":[{"href":"https:\/\/www.acelvakondcyclingteam.hu\/en\/wp-json\/wp\/v2\/posts"}],"about":[{"href":"https:\/\/www.acelvakondcyclingteam.hu\/en\/wp-json\/wp\/v2\/types\/post"}],"author":[{"embeddable":true,"href":"https:\/\/www.acelvakondcyclingteam.hu\/en\/wp-json\/wp\/v2\/users\/1"}],"replies":[{"embeddable":true,"href":"https:\/\/www.acelvakondcyclingteam.hu\/en\/wp-json\/wp\/v2\/comments?post=20415"}],"version-history":[{"count":8,"href":"https:\/\/www.acelvakondcyclingteam.hu\/en\/wp-json\/wp\/v2\/posts\/20415\/revisions"}],"predecessor-version":[{"id":20448,"href":"https:\/\/www.acelvakondcyclingteam.hu\/en\/wp-json\/wp\/v2\/posts\/20415\/revisions\/20448"}],"wp:featuredmedia":[{"embeddable":true,"href":"https:\/\/www.acelvakondcyclingteam.hu\/en\/wp-json\/wp\/v2\/media\/20420"}],"wp:attachment":[{"href":"https:\/\/www.acelvakondcyclingteam.hu\/en\/wp-json\/wp\/v2\/media?parent=20415"}],"wp:term":[{"taxonomy":"category","embeddable":true,"href":"https:\/\/www.acelvakondcyclingteam.hu\/en\/wp-json\/wp\/v2\/categories?post=20415"},{"taxonomy":"post_tag","embeddable":true,"href":"https:\/\/www.acelvakondcyclingteam.hu\/en\/wp-json\/wp\/v2\/tags?post=20415"}],"curies":[{"name":"wp","href":"https:\/\/api.w.org\/{rel}","templated":true}]}}