{"id":20450,"date":"2024-04-12T06:50:55","date_gmt":"2024-04-12T04:50:55","guid":{"rendered":"https:\/\/www.acelvakondcyclingteam.hu\/?p=20450"},"modified":"2024-04-12T06:51:36","modified_gmt":"2024-04-12T04:51:36","slug":"nagyszabasu-kerekparversenynek-ad-otthont-a-bakony-fovarosa","status":"publish","type":"post","link":"https:\/\/www.acelvakondcyclingteam.hu\/en\/2024\/04\/12\/nagyszabasu-kerekparversenynek-ad-otthont-a-bakony-fovarosa\/","title":{"rendered":"Nagyszab\u00e1s\u00fa ker\u00e9kp\u00e1rversenynek ad otthont a Bakony f\u0151v\u00e1rosa"},"content":{"rendered":"<p>Id\u00e9n Zirc v\u00e1rosa lesz az egyik \u00e1llom\u00e1sa a Magyar Ker\u00e9kp\u00e1ros Sz\u00f6vets\u00e9g Liga Kupa orsz\u00e1g\u00fati versenysorozat\u00e1nak az Ac\u00e9l-Vakond Ker\u00e9kp\u00e1ros Sportegyes\u00fclet szervez\u00e9s\u00e9ben.<\/p>\n\n\n\n<p><a href=\"https:\/\/www.veol.hu\/helyi-sport\/2024\/04\/nagyszabasu-kerekparversenynek-ad-otthont-a-bakony-fovarosa?utm_source=facebook&amp;utm_medium=social&amp;utm_campaign=veol&amp;fbclid=IwAR2UkXAaeaa6BkYFjBVPSuS5lsIj4SL28vG-Ao5hXBQPp3MgPaAm7Iu3l00_aem_AWcxQW1nk3JQo2lHHdyJJxqxS8gYOHBPy4w2VUhugtIcGNWUhyLzFSj_9Q490eKiGMbXDX6jqJm7agzVYJL8IcXG\">Tov\u00e1bb a teljes cikkre<\/a><\/p>\n\n\n\n<p>Forr\u00e1s: <a href=\"https:\/\/www.veol.hu\">veol.hu<\/a><\/p>\n\n\n\n<p>Fot\u00f3: Ac\u00e9l- Vakond Cycling Team<\/p>","protected":false},"excerpt":{"rendered":"<p>Id\u00e9n Zirc v\u00e1rosa lesz az egyik \u00e1llom\u00e1sa a Magyar Ker\u00e9kp\u00e1ros Sz\u00f6vets\u00e9g Liga Kupa orsz\u00e1g\u00fati versenysorozat\u00e1nak az Ac\u00e9l-Vakond Ker\u00e9kp\u00e1ros Sportegyes\u00fclet szervez\u00e9s\u00e9ben. Tov\u00e1bb a teljes cikkre Forr\u00e1s: veol.hu Fot\u00f3: Ac\u00e9l- Vakond Cycling Team<\/p>","protected":false},"author":1,"featured_media":20452,"comment_status":"open","ping_status":"open","sticky":false,"template":"","format":"standard","meta":{"footnotes":""},"categories":[124],"tags":[],"class_list":["post-20450","post","type-post","status-publish","format-standard","has-post-thumbnail","hentry","category-hirek"],"_links":{"self":[{"href":"https:\/\/www.acelvakondcyclingteam.hu\/en\/wp-json\/wp\/v2\/posts\/20450","targetHints":{"allow":["GET"]}}],"collection":[{"href":"https:\/\/www.acelvakondcyclingteam.hu\/en\/wp-json\/wp\/v2\/posts"}],"about":[{"href":"https:\/\/www.acelvakondcyclingteam.hu\/en\/wp-json\/wp\/v2\/types\/post"}],"author":[{"embeddable":true,"href":"https:\/\/www.acelvakondcyclingteam.hu\/en\/wp-json\/wp\/v2\/users\/1"}],"replies":[{"embeddable":true,"href":"https:\/\/www.acelvakondcyclingteam.hu\/en\/wp-json\/wp\/v2\/comments?post=20450"}],"version-history":[{"count":1,"href":"https:\/\/www.acelvakondcyclingteam.hu\/en\/wp-json\/wp\/v2\/posts\/20450\/revisions"}],"predecessor-version":[{"id":20451,"href":"https:\/\/www.acelvakondcyclingteam.hu\/en\/wp-json\/wp\/v2\/posts\/20450\/revisions\/20451"}],"wp:featuredmedia":[{"embeddable":true,"href":"https:\/\/www.acelvakondcyclingteam.hu\/en\/wp-json\/wp\/v2\/media\/20452"}],"wp:attachment":[{"href":"https:\/\/www.acelvakondcyclingteam.hu\/en\/wp-json\/wp\/v2\/media?parent=20450"}],"wp:term":[{"taxonomy":"category","embeddable":true,"href":"https:\/\/www.acelvakondcyclingteam.hu\/en\/wp-json\/wp\/v2\/categories?post=20450"},{"taxonomy":"post_tag","embeddable":true,"href":"https:\/\/www.acelvakondcyclingteam.hu\/en\/wp-json\/wp\/v2\/tags?post=20450"}],"curies":[{"name":"wp","href":"https:\/\/api.w.org\/{rel}","templated":true}]}}